{"id":44242,"date":"2024-05-08T11:50:38","date_gmt":"2024-05-08T09:50:38","guid":{"rendered":"https:\/\/www.soyecoturista.com\/asociacion\/?p=44242"},"modified":"2024-05-08T11:50:41","modified_gmt":"2024-05-08T09:50:41","slug":"1x01-somiedo-un-pequeno-paraiso-de-ecoturismo-dentro-de-asturias-2","status":"publish","type":"post","link":"https:\/\/www.soyecoturista.com\/asociacion\/en\/1x01-somiedo-un-pequeno-paraiso-de-ecoturismo-dentro-de-asturias-2\/","title":{"rendered":"1\u00d701: Somiedo, un peque\u00f1o para\u00edso de ecoturismo dentro de Asturias"},"content":{"rendered":"","protected":false},"excerpt":{"rendered":"","protected":false},"author":2,"featured_media":42513,"comment_status":"open","ping_status":"open","sticky":false,"template":"","format":"standard","meta":{"_acf_changed":false,"footnotes":""},"categories":[860,862],"tags":[],"class_list":["post-44242","post","type-post","status-publish","format-standard","has-post-thumbnail","hentry","category-podcast-soyecoturist","category-onis-picos-de-europa-en"],"acf":[],"_links":{"self":[{"href":"https:\/\/www.soyecoturista.com\/asociacion\/wp-json\/wp\/v2\/posts\/44242","targetHints":{"allow":["GET"]}}],"collection":[{"href":"https:\/\/www.soyecoturista.com\/asociacion\/wp-json\/wp\/v2\/posts"}],"about":[{"href":"https:\/\/www.soyecoturista.com\/asociacion\/wp-json\/wp\/v2\/types\/post"}],"author":[{"embeddable":true,"href":"https:\/\/www.soyecoturista.com\/asociacion\/wp-json\/wp\/v2\/users\/2"}],"replies":[{"embeddable":true,"href":"https:\/\/www.soyecoturista.com\/asociacion\/wp-json\/wp\/v2\/comments?post=44242"}],"version-history":[{"count":1,"href":"https:\/\/www.soyecoturista.com\/asociacion\/wp-json\/wp\/v2\/posts\/44242\/revisions"}],"predecessor-version":[{"id":44243,"href":"https:\/\/www.soyecoturista.com\/asociacion\/wp-json\/wp\/v2\/posts\/44242\/revisions\/44243"}],"wp:featuredmedia":[{"embeddable":true,"href":"https:\/\/www.soyecoturista.com\/asociacion\/wp-json\/wp\/v2\/media\/42513"}],"wp:attachment":[{"href":"https:\/\/www.soyecoturista.com\/asociacion\/wp-json\/wp\/v2\/media?parent=44242"}],"wp:term":[{"taxonomy":"category","embeddable":true,"href":"https:\/\/www.soyecoturista.com\/asociacion\/wp-json\/wp\/v2\/categories?post=44242"},{"taxonomy":"post_tag","embeddable":true,"href":"https:\/\/www.soyecoturista.com\/asociacion\/wp-json\/wp\/v2\/tags?post=44242"}],"curies":[{"name":"wp","href":"https:\/\/api.w.org\/{rel}","templated":true}]}}