{"id":44212,"date":"2024-04-25T16:47:58","date_gmt":"2024-04-25T14:47:58","guid":{"rendered":"https:\/\/www.soyecoturista.com\/asociacion\/?p=44212"},"modified":"2024-04-30T17:14:46","modified_gmt":"2024-04-30T15:14:46","slug":"ii-festival-ecoturismo-sierra-nevada-edicion-primavera","status":"publish","type":"post","link":"https:\/\/www.soyecoturista.com\/asociacion\/ii-festival-ecoturismo-sierra-nevada-edicion-primavera\/","title":{"rendered":"El II Festival de Ecoturismo de Sierra Nevada edici\u00f3n primavera: Descubriendo la Joya del Sur Oriental de la Pen\u00ednsula Ib\u00e9rica"},"content":{"rendered":"\n<p>El esperado II Festival de Ecoturismo de Sierra Nevada edici\u00f3n primavera est\u00e1 a punto de<br>comenzar, ofreciendo a los amantes de la naturaleza y la aventura una oportunidad \u00fanica para<br>sumergirse en la belleza y la diversidad de este espectacular entorno natural. Del 8 al 16 de junio de<br>2024, los participantes tendr\u00e1n la oportunidad de explorar la regi\u00f3n a trav\u00e9s de 41 experiencias de<br>aut\u00e9ntico ecoturismo, que abarcan una amplia gama de actividades dise\u00f1adas para conectar con la<br>flora, fauna, geolog\u00eda, cultura y gastronom\u00eda de Sierra Nevada.<br><br>Esta edici\u00f3n primaveral del festival marca el tercer a\u00f1o consecutivo en el que Sierra Nevada se<br>convierte en el epicentro del ecoturismo, brindando a visitantes locales y viajeros una experiencia<br>inolvidable en un entorno rural excepcional. Organizado por la Asociaci\u00f3n Foro CETS Sierra<br>Nevada, en colaboraci\u00f3n con el Espacio Natural de Sierra Nevada, el festival re\u00fane a peque\u00f1as<br>empresas locales comprometidas con el turismo sostenible, todas adheridas a la Carta Europea de<br>Turismo Sostenible y a Soy Ecoturista. <br><br>Con un enfoque en la responsabilidad ambiental y socioecon\u00f3mica, el II Festival de Ecoturismo<br>edici\u00f3n primavera ofrece una variedad de actividades que van desde caminatas guiadas por expertos<br>en la naturaleza, talleres artesanales, degustaciones de productos locales hasta inmersiones en la rica<br>historia y tradiciones de la regi\u00f3n. Cada experiencia est\u00e1 dise\u00f1ada para ofrecer un profundo<br>entendimiento de Sierra Nevada y su importancia ecol\u00f3gica y cultural.<\/p>\n\n\n\n<p><br>&#8220;Estamos encantados de dar la bienvenida a los participantes al II Festival de Ecoturismo de Sierra<br>Nevada edici\u00f3n primavera&#8221;, dijo Maria Teresa Madrona Moreno, Presidenta de la Asociaci\u00f3n Foro<br>CETS Sierra Nevada. &#8220;Esperamos que este festival no solo brinde momentos inolvidables en la<br>naturaleza, sino que tambi\u00e9n promueva la conservaci\u00f3n del entorno y contribuya al desarrollo<br>sostenible de nuestra comunidad&#8221;.<br><br>El II Festival de Ecoturismo de Sierra Nevada edici\u00f3n primavera invita a todos los interesados a<br>unirse a esta celebraci\u00f3n de la naturaleza y la cultura local. Para obtener m\u00e1s informaci\u00f3n y reservar<br>experiencias, visite el sitio web oficial del festival en <a href=\"http:\/\/www.sierranevadaecoturismofestival.com\" data-type=\"link\" data-id=\"www.sierranevadaecoturismofestival.com\" target=\"_blank\" rel=\"noopener\">www.sierranevadaecoturismofestival.com<\/a> o<br>sus redes sociales. <\/p>\n\n\n\n<figure class=\"wp-block-image size-large\"><img decoding=\"async\" src=\"https:\/\/www.soyecoturista.com\/asociacion\/wp-content\/uploads\/2024\/04\/CARTEL-_FESTIVAL-EDICION-PRIMAVERA-2024_LOGOS--724x1024.jpg\" alt=\"\" class=\"wp-image-44093\"\/><\/figure>\n\n\n\n<hr class=\"wp-block-separator has-alpha-channel-opacity\"\/>\n\n\n\n<p><strong>Sobre la Asociaci\u00f3n de Ecoturismo en Espa\u00f1a y Soy Ecoturista<\/strong><\/p>\n\n\n\n<p>La Asociaci\u00f3n de Ecoturismo en Espa\u00f1a (AEE) es una asociaci\u00f3n sin \u00e1nimo de lucro y de car\u00e1cter p\u00fablico-privado creada en 2010 para fomentar el ecoturismo en los espacios protegidos y compuesta principalmente por asociaciones de empresarios de turismo ubicadas en espacios naturales, entidades gestoras de espacios protegidos, administraciones p\u00fablicas implicadas en la gesti\u00f3n tur\u00edstica de \u00e9stos, grupos de desarrollo rural, entidades de conservaci\u00f3n de la naturaleza, universidades y empresas especializadas en turismo.<\/p>\n\n\n\n<p>La AEE es la entidad que gestiona el club de producto Ecoturismo en Espa\u00f1a, con apoyo de la Secretar\u00eda de Estado de Turismo. Es una iniciativa pionera que ofrece experiencias de ecoturismo en espacios naturales protegidos, garantizando al viajero su contribuci\u00f3n al desarrollo local y a la conservaci\u00f3n de la biodiversidad. Actualmente agrupa 42 destinos y cerca de 800 empresas que, bajo la marca&nbsp;<a href=\"https:\/\/soyecoturista.com\/es\/\" target=\"_blank\" rel=\"noreferrer noopener\">Soy Ecoturista<\/a>, asumen su compromiso con el desarrollo sostenible.<\/p>\n","protected":false},"excerpt":{"rendered":"<p>El esperado II Festival de Ecoturismo de Sierra Nevada edici\u00f3n primavera est\u00e1 a punto decomenzar, ofreciendo a los amantes de la naturaleza y la aventura una oportunidad \u00fanica parasumergirse en [&hellip;]<\/p>\n","protected":false},"author":7,"featured_media":44093,"comment_status":"closed","ping_status":"closed","sticky":false,"template":"","format":"standard","meta":{"_acf_changed":false,"footnotes":""},"categories":[4],"tags":[14,937,939],"class_list":["post-44212","post","type-post","status-publish","format-standard","has-post-thumbnail","hentry","category-noticias","tag-ecoturismo-en-espana","tag-ecoturismo-en-sierra-nevada","tag-parque-nacional-de-sierra-nevada"],"acf":[],"_links":{"self":[{"href":"https:\/\/www.soyecoturista.com\/asociacion\/wp-json\/wp\/v2\/posts\/44212","targetHints":{"allow":["GET"]}}],"collection":[{"href":"https:\/\/www.soyecoturista.com\/asociacion\/wp-json\/wp\/v2\/posts"}],"about":[{"href":"https:\/\/www.soyecoturista.com\/asociacion\/wp-json\/wp\/v2\/types\/post"}],"author":[{"embeddable":true,"href":"https:\/\/www.soyecoturista.com\/asociacion\/wp-json\/wp\/v2\/users\/7"}],"replies":[{"embeddable":true,"href":"https:\/\/www.soyecoturista.com\/asociacion\/wp-json\/wp\/v2\/comments?post=44212"}],"version-history":[{"count":2,"href":"https:\/\/www.soyecoturista.com\/asociacion\/wp-json\/wp\/v2\/posts\/44212\/revisions"}],"predecessor-version":[{"id":44216,"href":"https:\/\/www.soyecoturista.com\/asociacion\/wp-json\/wp\/v2\/posts\/44212\/revisions\/44216"}],"wp:featuredmedia":[{"embeddable":true,"href":"https:\/\/www.soyecoturista.com\/asociacion\/wp-json\/wp\/v2\/media\/44093"}],"wp:attachment":[{"href":"https:\/\/www.soyecoturista.com\/asociacion\/wp-json\/wp\/v2\/media?parent=44212"}],"wp:term":[{"taxonomy":"category","embeddable":true,"href":"https:\/\/www.soyecoturista.com\/asociacion\/wp-json\/wp\/v2\/categories?post=44212"},{"taxonomy":"post_tag","embeddable":true,"href":"https:\/\/www.soyecoturista.com\/asociacion\/wp-json\/wp\/v2\/tags?post=44212"}],"curies":[{"name":"wp","href":"https:\/\/api.w.org\/{rel}","templated":true}]}}