{"id":44141,"date":"2024-04-29T13:12:34","date_gmt":"2024-04-29T11:12:34","guid":{"rendered":"https:\/\/www.soyecoturista.com\/asociacion\/?p=44141"},"modified":"2024-04-30T15:54:21","modified_gmt":"2024-04-30T13:54:21","slug":"corredor-ecoturismo-espana-verde-experiencias-europa","status":"publish","type":"post","link":"https:\/\/www.soyecoturista.com\/asociacion\/corredor-ecoturismo-espana-verde-experiencias-europa\/","title":{"rendered":"El Corredor de Ecoturismo de la Espa\u00f1a Verde comienza a dise\u00f1ar las experiencias que formar\u00e1n parte del mayor corredor ecotur\u00edstico de Europa"},"content":{"rendered":"<p><span style=\"font-weight: 400;\">Tras las jornadas realizadas entre enero y febrero para impulsar la participaci\u00f3n de las empresas tur\u00edsticas ubicadas en los distintos espacios protegidos participantes en el proyecto del Corredor de Ecoturismo de la Espa\u00f1a Verde, en el mes de abril ha comenzado la segunda fase de este proyecto con el desarrollo de dos talleres presenciales en cada una de las Comunidades Aut\u00f3nomas participantes -Galicia, Principado de Asturias, Cantabria y Euskadi- para el dise\u00f1o y creaci\u00f3n de las experiencias de ecoturismo que configurar\u00e1n la gran ruta del Corredor de Ecoturismo de la Espa\u00f1a Verde.<\/span><\/p>\n<p><span style=\"font-weight: 400;\">Estos talleres tienen como objetivo principal formar y orientar a las empresas participantes en la conceptualizaci\u00f3n y dise\u00f1o de experiencias de ecoturismo que configurar\u00e1n la gran ruta de Ecoturismo, para que estas encajen con el concepto central del corredor, el ecotouring, y cumplan con las necesidades de la demanda. De esta manera, las experiencias dise\u00f1adas se alinear\u00e1n con el producto de Ecoturismo en Espa\u00f1a, asegurando que cumplen con unos est\u00e1ndares y criterios de sostenibilidad, contribuci\u00f3n a la conservaci\u00f3n de la biodiversidad y apoyo al desarrollo local.<\/span><\/p>\n<p><b>Espacios protegidos y empresas participantes<\/b><\/p>\n<p><span style=\"font-weight: 400;\">El Corredor de Ecoturismo integrar\u00e1 un total de 30 espacios protegidos y casi 350 empresas tur\u00edsticas, entre ellas empresas de actividades guiadas en la naturaleza vinculadas con experiencias de ecoturismo de observaci\u00f3n de flora y fauna, senderismo, etc., alojamientos comprometidos con la sostenibilidad, empresas agroalimentarias y otras tipolog\u00edas de empresas.\u00a0<\/span><\/p>\n<p><span style=\"font-weight: 400;\">En este proyecto participan los destinos y las m\u00e1s de 230 empresas de Galicia, Euskadi y Asturias ya adheridas al club de producto Ecoturismo en Espa\u00f1a (<\/span><a href=\"https:\/\/soyecoturista.com\/es\/\" target=\"_blank\" rel=\"noopener\"><span style=\"font-weight: 400;\">Soy Ecoturista<\/span><\/a><span style=\"font-weight: 400;\">), 5 alojamientos ubicados algunos de los espacios protegidos participantes que cuentan con la certificaci\u00f3n CERES Ecotur, as\u00ed como 102 empresas nuevas en 15 destinos que, desde principios de marzo, est\u00e1n participando en un plan formativo y de auditor\u00eda y acreditaci\u00f3n ecoturismo y sostenibilidad con el objetivo de garantizar que estas empresas cumplan con los requisitos y atributos del producto Ecoturismo en Espa\u00f1a.<\/span><\/p>\n<p><span style=\"font-weight: 400;\">Los espacios protegidos que integran el Corredor de Ecoturismo de la Espa\u00f1a Verde son:\u00a0<\/span><\/p>\n<ul>\n<li style=\"font-weight: 400;\" aria-level=\"1\"><span style=\"font-weight: 400;\"><strong>Galicia<\/strong>: Parque Nacional mar\u00edtimo-terrestre das Illas Atl\u00e1nticas, Reserva de Biosfera Mari\u00f1as Coru\u00f1esas e Terras do Mandeo, Reserva de Biosfera Ribeira Sacra e Serras do Oribio e Courel, Geoparque Monta\u00f1as do Courel, Reserva de Biosfera Os Ancares Lucenses y Montes de Cervantes, Navia y Becerre\u00e1, Reserva de Biosfera R\u00edo Eo, Oscos e Terras do Bur\u00f3n, que comparte territorio con Asturias.<\/span><\/li>\n<li style=\"font-weight: 400;\" aria-level=\"1\"><span style=\"font-weight: 400;\"><strong>Asturias<\/strong>: Parque Natural de las fuentes del Narcea, Dega\u00f1a e Ibias, Parque Natural de Somiedo, Parque Natural de Las Ubi\u00f1as-La Mesa, Parque Natural de Redes, Reserva Natural de la R\u00eda de Villaviciosa, Parque Natural de Ponga, Parque Nacional Picos de Europa, ZEC R\u00eda de Ribadesella \u2013 R\u00eda de Tinamayor.<\/span><\/li>\n<li style=\"font-weight: 400;\" aria-level=\"1\"><span style=\"font-weight: 400;\"><strong>Cantabria<\/strong>: ZEC Valles Altos Nansa, Saja y Alto Campoo, ZEC Li\u00e9bana, ZEC Monta\u00f1a Oriental, Parque Natural Dunas de Liencres y Costa Quebrada, ZEC Dunas del Puntal y Estuario del Miera, Parque Natural Marismas de Santo\u00f1a, Victoria y Joyel.\u00a0<\/span><\/li>\n<li style=\"font-weight: 400;\" aria-level=\"1\"><span style=\"font-weight: 400;\"><strong>Euskadi<\/strong>: Parque Natural de Arma\u00f1\u00f3n, Parque Natural de Gorbeia, ZEC Salburua, Parque Natural de Aitzkorri-Aratz, Reserva de la Biosfera de Urdaibai, ZEC Valderejo-Sobr\u00f3n-Sierra de Arcena, Geoparque Mundial Costa Vasca, Parque Natural Pagoeta, Parque Natural de Izki y Parque Natural Aiako Arria.<\/span><\/li>\n<\/ul>\n<p><b>El Corredor de Ecoturismo de la Espa\u00f1a Verde<\/b><\/p>\n<p><span style=\"font-weight: 400;\">El Corredor de Ecoturismo es un proyecto impulsado por las 4 Comunidades Aut\u00f3nomas de la <\/span><a href=\"https:\/\/www.ingreenspain.es\/gran-ruta-espana-verde.html\" target=\"_blank\" rel=\"noopener\"><span style=\"font-weight: 400;\">Espa\u00f1a Verde<\/span><\/a><span style=\"font-weight: 400;\">, la marca tur\u00edstica transregional creada por las cuatro comunidades aut\u00f3nomas &#8211; Cantabria, Euskadi, Galicia y el Principado de Asturias-, que desde 1989 trabajan conjuntamente en la promoci\u00f3n internacional de estas regiones del norte de Espa\u00f1a.<\/span><\/p>\n<p><span style=\"font-weight: 400;\">Tiene como objetivo crear una gran ruta que sirva de argumento inspirador para viajes de media y larga distancia, a trav\u00e9s de experiencias de ecoturismo ofrecidas por empresas tur\u00edsticas locales en una selecci\u00f3n de espacios protegidos de la Espa\u00f1a Verde.<\/span><\/p>\n<p><span style=\"font-weight: 400;\">El proyecto, coordinado por el Principado de Asturias, cuenta con un presupuesto de 938.000\u20ac, con la financiaci\u00f3n de fondos europeos Next Generation a trav\u00e9s del Plan de Recuperaci\u00f3n, Transformaci\u00f3n y Resiliencia del Ministerio de Industria, Comercio y Turismo del Gobierno de Espa\u00f1a, dentro del programa \u201cExperiencias Turismo Espa\u00f1a\u201d.<\/span><\/p>\n\n\n<figure class=\"wp-block-gallery has-nested-images columns-default is-cropped wp-block-gallery-1 is-layout-flex wp-block-gallery-is-layout-flex\">\n<figure class=\"wp-block-image size-large\"><img loading=\"lazy\" decoding=\"async\" width=\"1024\" height=\"768\" data-id=\"44145\" src=\"https:\/\/www.soyecoturista.com\/asociacion\/wp-content\/uploads\/2024\/04\/foto-noticia2-1024x768.jpeg\" alt=\"\" class=\"wp-image-44145\" srcset=\"https:\/\/www.soyecoturista.com\/asociacion\/wp-content\/uploads\/2024\/04\/foto-noticia2-1024x768.jpeg 1024w, https:\/\/www.soyecoturista.com\/asociacion\/wp-content\/uploads\/2024\/04\/foto-noticia2-300x225.jpeg 300w, https:\/\/www.soyecoturista.com\/asociacion\/wp-content\/uploads\/2024\/04\/foto-noticia2-768x576.jpeg 768w, https:\/\/www.soyecoturista.com\/asociacion\/wp-content\/uploads\/2024\/04\/foto-noticia2-1536x1152.jpeg 1536w, https:\/\/www.soyecoturista.com\/asociacion\/wp-content\/uploads\/2024\/04\/foto-noticia2.jpeg 2040w\" sizes=\"auto, (max-width: 1024px) 100vw, 1024px\" \/><\/figure>\n\n\n\n<figure class=\"wp-block-image size-large\"><img loading=\"lazy\" decoding=\"async\" width=\"1024\" height=\"768\" data-id=\"44144\" src=\"https:\/\/www.soyecoturista.com\/asociacion\/wp-content\/uploads\/2024\/04\/foto-noticia1-1024x768.jpeg\" alt=\"\" class=\"wp-image-44144\" srcset=\"https:\/\/www.soyecoturista.com\/asociacion\/wp-content\/uploads\/2024\/04\/foto-noticia1-1024x768.jpeg 1024w, https:\/\/www.soyecoturista.com\/asociacion\/wp-content\/uploads\/2024\/04\/foto-noticia1-300x225.jpeg 300w, https:\/\/www.soyecoturista.com\/asociacion\/wp-content\/uploads\/2024\/04\/foto-noticia1-768x576.jpeg 768w, https:\/\/www.soyecoturista.com\/asociacion\/wp-content\/uploads\/2024\/04\/foto-noticia1-1536x1152.jpeg 1536w, https:\/\/www.soyecoturista.com\/asociacion\/wp-content\/uploads\/2024\/04\/foto-noticia1.jpeg 1600w\" sizes=\"auto, (max-width: 1024px) 100vw, 1024px\" \/><\/figure>\n<\/figure>\n\n\n<hr \/>\n<h4>Sobre la Asociaci\u00f3n de Ecoturismo en Espa\u00f1a<\/h4>\n<p>La Asociaci\u00f3n de Ecoturismo en Espa\u00f1a (AEE) es una asociaci\u00f3n sin \u00e1nimo de lucro y de car\u00e1cter p\u00fablico-privado creada en 2010 para fomentar el ecoturismo en los espacios protegidos y compuesta principalmente por asociaciones de empresarios de turismo ubicadas en espacios naturales, entidades gestoras de espacios protegidos, administraciones p\u00fablicas implicadas en la gesti\u00f3n tur\u00edstica de \u00e9stos, grupos de desarrollo rural, entidades de conservaci\u00f3n de la naturaleza, universidades y empresas especializadas en turismo.<\/p>\n<p>La AEE es la entidad que gestiona el club de producto Ecoturismo en Espa\u00f1a, con apoyo de la Secretar\u00eda de Estado de Turismo. Es una iniciativa pionera que ofrece experiencias de ecoturismo en espacios naturales protegidos, garantizando al viajero su contribuci\u00f3n al desarrollo local y a la conservaci\u00f3n de la biodiversidad.\u00a0Actualmente agrupa 42 destinos y cerca de 800 empresas que, bajo la marca <a href=\"https:\/\/soyecoturista.com\/es\/\" target=\"_blank\" rel=\"noopener\">Soy Ecoturista<\/a>, asumen su compromiso con el desarrollo sostenible.<\/p>","protected":false},"excerpt":{"rendered":"<p>Tras las jornadas realizadas entre enero y febrero para impulsar la participaci\u00f3n de las empresas tur\u00edsticas ubicadas en los distintos espacios protegidos participantes en el proyecto del Corredor de Ecoturismo [&hellip;]<\/p>\n","protected":false},"author":6,"featured_media":44152,"comment_status":"open","ping_status":"open","sticky":false,"template":"","format":"standard","meta":{"_acf_changed":false,"footnotes":""},"categories":[4],"tags":[925,929,14,931,927,33,923],"class_list":["post-44141","post","type-post","status-publish","format-standard","has-post-thumbnail","hentry","category-noticias","tag-ecoturismo-en-asturias","tag-ecoturismo-en-cantabria","tag-ecoturismo-en-espana","tag-ecoturismo-en-galicia","tag-ecoturismo-en-pais-vasco","tag-espacios-protegidos","tag-espana-verde"],"acf":[],"_links":{"self":[{"href":"https:\/\/www.soyecoturista.com\/asociacion\/wp-json\/wp\/v2\/posts\/44141","targetHints":{"allow":["GET"]}}],"collection":[{"href":"https:\/\/www.soyecoturista.com\/asociacion\/wp-json\/wp\/v2\/posts"}],"about":[{"href":"https:\/\/www.soyecoturista.com\/asociacion\/wp-json\/wp\/v2\/types\/post"}],"author":[{"embeddable":true,"href":"https:\/\/www.soyecoturista.com\/asociacion\/wp-json\/wp\/v2\/users\/6"}],"replies":[{"embeddable":true,"href":"https:\/\/www.soyecoturista.com\/asociacion\/wp-json\/wp\/v2\/comments?post=44141"}],"version-history":[{"count":4,"href":"https:\/\/www.soyecoturista.com\/asociacion\/wp-json\/wp\/v2\/posts\/44141\/revisions"}],"predecessor-version":[{"id":44150,"href":"https:\/\/www.soyecoturista.com\/asociacion\/wp-json\/wp\/v2\/posts\/44141\/revisions\/44150"}],"wp:featuredmedia":[{"embeddable":true,"href":"https:\/\/www.soyecoturista.com\/asociacion\/wp-json\/wp\/v2\/media\/44152"}],"wp:attachment":[{"href":"https:\/\/www.soyecoturista.com\/asociacion\/wp-json\/wp\/v2\/media?parent=44141"}],"wp:term":[{"taxonomy":"category","embeddable":true,"href":"https:\/\/www.soyecoturista.com\/asociacion\/wp-json\/wp\/v2\/categories?post=44141"},{"taxonomy":"post_tag","embeddable":true,"href":"https:\/\/www.soyecoturista.com\/asociacion\/wp-json\/wp\/v2\/tags?post=44141"}],"curies":[{"name":"wp","href":"https:\/\/api.w.org\/{rel}","templated":true}]}}