{"id":44114,"date":"2024-04-30T12:04:01","date_gmt":"2024-04-30T10:04:01","guid":{"rendered":"https:\/\/www.soyecoturista.com\/asociacion\/?p=44114"},"modified":"2024-04-30T16:35:59","modified_gmt":"2024-04-30T14:35:59","slug":"tres-nuevas-entidades-se-incorporan-a-la-asociacion-de-ecoturismo-en-espana","status":"publish","type":"post","link":"https:\/\/www.soyecoturista.com\/asociacion\/tres-nuevas-entidades-se-incorporan-a-la-asociacion-de-ecoturismo-en-espana\/","title":{"rendered":"Tres nuevas entidades se incorporan a la Asociaci\u00f3n de Ecoturismo en Espa\u00f1a"},"content":{"rendered":"<h3>La Asociaci\u00f3n de Ecoturismo en Espa\u00f1a aprueba en su Asamblea General la incorporaci\u00f3n de tres nuevos socios: la Asociaci\u00f3n para el Desarrollo Integrado del Territorio Montes Toledanos, la Asociaci\u00f3n Promoci\u00f3n y Desarrollo Rural del Geoparque Villuercas &#8211; Ibores \u2013 Jara (APRODERVI) y la Associaci\u00f3 d\u2019Empresaris Tur\u00edstics del Montseny.<\/h3>\n<p>El pasado 24 de abril tuvo lugar la Asamblea General Ordinaria de la Asociaci\u00f3n de Ecoturismo en Espa\u00f1a (AEE), en la que se ratific\u00f3 la incorporaci\u00f3n como socios de tres entidades que representan al sector empresarial tur\u00edstico al tiempo que integran a la administraci\u00f3n local de sus respectivos territorios, destinos que albergan siempre alg\u00fan espacio protegido y que demuestran as\u00ed un firme compromiso con la conservaci\u00f3n de la naturaleza, con el desarrollo local y, en definitiva, con el impulso del ecoturismo.<\/p>\n<p>Tras estas nuevas incorporaciones, la Asociaci\u00f3n de Ecoturismo en Espa\u00f1a agrupa ya a un total de 66 socios de 14 comunidades aut\u00f3nomas, entre ellos 29 asociaciones empresariales tur\u00edsticas, 1 agencia de viajes, 2 empresas especializadas en turismo, 14 gestores de espacios protegidos (Reservas de la Biosfera, Geoparques Mundiales por la UNESCO y un Parque Nacional), 2 fundaciones para la conservaci\u00f3n de la naturaleza, 4 grupos de desarrollo rural, 2 universidades y 9 entidades p\u00fablicas, entre ellas las empresas p\u00fablicas de turismo de 4 comunidades aut\u00f3nomas: Euskadi, Asturias, Islas Baleares y Murcia.<\/p>\n<h4>Asociaci\u00f3n para el Desarrollo Integrado del Territorio Montes Toledanos (Toledo, Castilla-La Mancha)<\/h4>\n<p>La <a href=\"https:\/\/montesdetoledo.net\/es\/\" target=\"_blank\" rel=\"noopener\">Asociaci\u00f3n para el Desarrollo Integrado del Territorio Montes Toledanos<\/a> es un grupo de desarrollo rural cuyo territorio de actuaci\u00f3n es la Comarca Montes de Toledo, que agrupa 35 municipios y alberga un total de 12 espacios protegidos que cubren en su conjunto el 30% de la superficie de la Comarca.<\/p>\n<p>La Asociaci\u00f3n lleva desde su constituci\u00f3n en 1996 trabajando por el desarrollo sostenible de la Comarca y, entre sus numerosas actividades, participa como socio del Proyecto de Cooperaci\u00f3n &#8220;Ecoturismo en la RN2000 de CLM&#8221;, en el marco del cual se ha adherido el espacio ZEC y ZEPA Montes de Toledo al Sistema de Reconocimiento de Sostenibilidad del Turismo de Naturaleza en Red Natura 2000 (SRSTNRN2000), as\u00ed como la empresa Naturexplora, tambi\u00e9n adherida a la CETS en Caba\u00f1eros junto a La Pontezuela, dado que dos de los municipios del Parque Nacional de Caba\u00f1eros se encuentran en esta Comarca.<\/p>\n<p>Se espera tener muy pronto al destino y estas empresas en la plataforma de comercializaci\u00f3n de Soy Ecoturista, y ofrecer as\u00ed la oportunidad de descubrir los valores naturales y culturales de la Comarca Montes de Toledo practicando aut\u00e9ntico ecoturismo.<\/p>\n<h4><img loading=\"lazy\" decoding=\"async\" class=\"alignnone wp-image-44117 size-large\" src=\"https:\/\/www.soyecoturista.com\/asociacion\/wp-content\/uploads\/2024\/04\/montes-de-toledo2-1024x682.jpg\" alt=\"Imagen destacada de la Asociaci\u00f3n para el Desarrollo Integrado del Territorio Montes Toledanos (Toledo, Castilla-La Mancha)\" width=\"1024\" height=\"682\" srcset=\"https:\/\/www.soyecoturista.com\/asociacion\/wp-content\/uploads\/2024\/04\/montes-de-toledo2-1024x682.jpg 1024w, https:\/\/www.soyecoturista.com\/asociacion\/wp-content\/uploads\/2024\/04\/montes-de-toledo2-300x200.jpg 300w, https:\/\/www.soyecoturista.com\/asociacion\/wp-content\/uploads\/2024\/04\/montes-de-toledo2-768x511.jpg 768w, https:\/\/www.soyecoturista.com\/asociacion\/wp-content\/uploads\/2024\/04\/montes-de-toledo2.jpg 1352w\" sizes=\"auto, (max-width: 1024px) 100vw, 1024px\" \/><\/h4>\n<h4><\/h4>\n<h4>Asociaci\u00f3n Promoci\u00f3n y Desarrollo Rural del Geoparque Villuercas &#8211; Ibores &#8211; Jara (APRODERVI) (C\u00e1ceres, Extremadura)<\/h4>\n<p><a href=\"https:\/\/www.aprodervi.com\/\" target=\"_blank\" rel=\"noopener\">ARPODERVI<\/a> es tambi\u00e9n un grupo de desarrollo rural con una larga trayectoria de trabajo para el desarrollo sostenible de la Comarca Villuercas-Ibores-Jara, y es una de las entidades de referencia en el impulso y gesti\u00f3n del Geoparque Mundial UNESCO Villuercas-Ibores-Jara. Se trata de un destino adherido al club Ecoturismo en Espa\u00f1a desde 2013, que hasta ahora hab\u00eda estado representado en la Asociaci\u00f3n de Ecoturismo en Espa\u00f1a principalmente por Geovilluercas. APRODERVI se incorpora a la AEE para aportar su conocimiento y capacidad t\u00e9cnica en la utilizaci\u00f3n de las herramientas de Soy Ecoturista, apoyando as\u00ed a Geovilluercas, las empresas adheridas y al destino en su conjunto, para mejorar su posicionamiento y visibilidad como destino y empresas de ecoturismo certificado.<\/p>\n<p>ARPODERVI ha firmado, adem\u00e1s, un acuerdo de colaboraci\u00f3n con la AEE y ha financiado un proceso de formaci\u00f3n de t\u00e9cnicos del Geoparque, para renovar la adhesi\u00f3n de empresas a Soy Ecoturista e incorporar nuevas, aplicando los requisitos propios del club Ecoturismo en Espa\u00f1a.<\/p>\n<p>Sin duda, una muy buena noticia para la AEE contar con esta entidad y reforzar a este destino de referencia tanto en el club de producto Ecoturismo en Espa\u00f1a y como en la red de Geoparques.<\/p>\n<p><img loading=\"lazy\" decoding=\"async\" class=\"alignnone wp-image-44210 size-full\" src=\"https:\/\/www.soyecoturista.com\/asociacion\/wp-content\/uploads\/2024\/04\/Castillo-Cabanas_APRODERVI.jpg\" alt=\"\" width=\"1024\" height=\"683\" srcset=\"https:\/\/www.soyecoturista.com\/asociacion\/wp-content\/uploads\/2024\/04\/Castillo-Cabanas_APRODERVI.jpg 1024w, https:\/\/www.soyecoturista.com\/asociacion\/wp-content\/uploads\/2024\/04\/Castillo-Cabanas_APRODERVI-300x200.jpg 300w, https:\/\/www.soyecoturista.com\/asociacion\/wp-content\/uploads\/2024\/04\/Castillo-Cabanas_APRODERVI-768x512.jpg 768w\" sizes=\"auto, (max-width: 1024px) 100vw, 1024px\" \/><\/p>\n<h4>Associaci\u00f3 d\u2019Empresaris Tur\u00edstics del Montseny (Barcelona, Catalu\u00f1a)<\/h4>\n<p>La <a href=\"https:\/\/turisme-montseny.com\/es\/\" target=\"_blank\" rel=\"noopener\">Associaci\u00f3 d\u2019Empresaris Tur\u00edstics del Montseny<\/a>, es una asociaci\u00f3n tur\u00edstica con 25 a\u00f1os de trayectoria que alberga m\u00e1s de 50 empresarios y 7 ayuntamientos del \u00e1mbito del Parque Natural de Montseny, tambi\u00e9n declarado Reserva de la Biosfera. Se trata de un espacio protegido adherido a la Carta Europea de Turismo Sostenible (CETS) desde 2011, y que cuenta con 10 empresas certificadas tambi\u00e9n con la Fase II de la CETS.<\/p>\n<p>Tanto el destino como la asociaci\u00f3n han demostrado a trav\u00e9s de distintas iniciativas su apuesta por un turismo que ponga en valor y contribuya a conservar su magn\u00edfico patrimonio natural, al tiempo que ayude a fijar poblaci\u00f3n y al desarrollo econ\u00f3mico. Muy pronto tendremos en la plataforma las mejores opciones para descubrir este singular entorno cercano a la ciudad de Barcelona, y que ser\u00e1 el tercer destino adherido a Soy Ecoturista en Catalu\u00f1a.<\/p>\n<p><img loading=\"lazy\" decoding=\"async\" class=\"alignnone wp-image-44159 size-large\" src=\"https:\/\/www.soyecoturista.com\/asociacion\/wp-content\/uploads\/2024\/04\/2024.04.26-Turisme-Montseny-236-br-1024x683.jpg\" alt=\"\" width=\"1024\" height=\"683\" srcset=\"https:\/\/www.soyecoturista.com\/asociacion\/wp-content\/uploads\/2024\/04\/2024.04.26-Turisme-Montseny-236-br-1024x683.jpg 1024w, https:\/\/www.soyecoturista.com\/asociacion\/wp-content\/uploads\/2024\/04\/2024.04.26-Turisme-Montseny-236-br-300x200.jpg 300w, https:\/\/www.soyecoturista.com\/asociacion\/wp-content\/uploads\/2024\/04\/2024.04.26-Turisme-Montseny-236-br-768x512.jpg 768w, https:\/\/www.soyecoturista.com\/asociacion\/wp-content\/uploads\/2024\/04\/2024.04.26-Turisme-Montseny-236-br.jpg 1134w\" sizes=\"auto, (max-width: 1024px) 100vw, 1024px\" \/><\/p>\n<hr \/>\n<h4>Sobre la Asociaci\u00f3n de Ecoturismo en Espa\u00f1a<\/h4>\n<p>La Asociaci\u00f3n de Ecoturismo en Espa\u00f1a (AEE) es una asociaci\u00f3n sin \u00e1nimo de lucro y de car\u00e1cter p\u00fablico-privado creada en 2010 para fomentar el ecoturismo en los espacios protegidos y compuesta principalmente por asociaciones de empresarios de turismo ubicadas en espacios naturales, entidades gestoras de espacios protegidos, administraciones p\u00fablicas implicadas en la gesti\u00f3n tur\u00edstica de \u00e9stos, grupos de desarrollo rural, entidades de conservaci\u00f3n de la naturaleza, universidades y empresas especializadas en turismo.<\/p>\n<p>La AEE es la entidad que gestiona el club de producto Ecoturismo en Espa\u00f1a, con apoyo de la Secretar\u00eda de Estado de Turismo. Es una iniciativa pionera que ofrece experiencias de ecoturismo en espacios naturales protegidos, garantizando al viajero su contribuci\u00f3n al desarrollo local y a la conservaci\u00f3n de la biodiversidad. Actualmente agrupa 42 destinos y cerca de 800 empresas que, bajo la marca <a href=\"https:\/\/soyecoturista.com\/es\/\" target=\"_blank\" rel=\"noopener\">Soy Ecoturista<\/a>, asumen su compromiso con el desarrollo sostenible.<\/p>\n","protected":false},"excerpt":{"rendered":"<p>La Asociaci\u00f3n de Ecoturismo en Espa\u00f1a aprueba en su Asamblea General la incorporaci\u00f3n de tres nuevos socios: la Asociaci\u00f3n para el Desarrollo Integrado del Territorio Montes Toledanos, la Asociaci\u00f3n Promoci\u00f3n [&hellip;]<\/p>\n","protected":false},"author":4,"featured_media":44125,"comment_status":"open","ping_status":"open","sticky":false,"template":"","format":"standard","meta":{"_acf_changed":false,"footnotes":""},"categories":[4],"tags":[915,11,14,33,55,919,921,917,172],"class_list":["post-44114","post","type-post","status-publish","format-standard","has-post-thumbnail","hentry","category-noticias","tag-asociacion-de-ecoturismo","tag-ecoturismo","tag-ecoturismo-en-espana","tag-espacios-protegidos","tag-geoparque","tag-geoparque-villuercas","tag-montseny","tag-nuevos-socios","tag-soy-ecoturista"],"acf":[],"_links":{"self":[{"href":"https:\/\/www.soyecoturista.com\/asociacion\/wp-json\/wp\/v2\/posts\/44114","targetHints":{"allow":["GET"]}}],"collection":[{"href":"https:\/\/www.soyecoturista.com\/asociacion\/wp-json\/wp\/v2\/posts"}],"about":[{"href":"https:\/\/www.soyecoturista.com\/asociacion\/wp-json\/wp\/v2\/types\/post"}],"author":[{"embeddable":true,"href":"https:\/\/www.soyecoturista.com\/asociacion\/wp-json\/wp\/v2\/users\/4"}],"replies":[{"embeddable":true,"href":"https:\/\/www.soyecoturista.com\/asociacion\/wp-json\/wp\/v2\/comments?post=44114"}],"version-history":[{"count":8,"href":"https:\/\/www.soyecoturista.com\/asociacion\/wp-json\/wp\/v2\/posts\/44114\/revisions"}],"predecessor-version":[{"id":44290,"href":"https:\/\/www.soyecoturista.com\/asociacion\/wp-json\/wp\/v2\/posts\/44114\/revisions\/44290"}],"wp:featuredmedia":[{"embeddable":true,"href":"https:\/\/www.soyecoturista.com\/asociacion\/wp-json\/wp\/v2\/media\/44125"}],"wp:attachment":[{"href":"https:\/\/www.soyecoturista.com\/asociacion\/wp-json\/wp\/v2\/media?parent=44114"}],"wp:term":[{"taxonomy":"category","embeddable":true,"href":"https:\/\/www.soyecoturista.com\/asociacion\/wp-json\/wp\/v2\/categories?post=44114"},{"taxonomy":"post_tag","embeddable":true,"href":"https:\/\/www.soyecoturista.com\/asociacion\/wp-json\/wp\/v2\/tags?post=44114"}],"curies":[{"name":"wp","href":"https:\/\/api.w.org\/{rel}","templated":true}]}}