{"id":43958,"date":"2024-03-08T11:13:30","date_gmt":"2024-03-08T10:13:30","guid":{"rendered":"https:\/\/www.soyecoturista.com\/asociacion\/?p=43958"},"modified":"2024-04-02T11:17:50","modified_gmt":"2024-04-02T09:17:50","slug":"ii-congreso-ecoturismo-subbetica-cordobesa","status":"publish","type":"post","link":"https:\/\/www.soyecoturista.com\/asociacion\/ii-congreso-ecoturismo-subbetica-cordobesa\/","title":{"rendered":"II Congreso de Ecoturismo de La Subb\u00e9tica Cordobesa"},"content":{"rendered":"\n<p>El<a href=\"https:\/\/www.congresosdelasubbetica.com\/ecoturismo-2024\/\" target=\"_blank\" rel=\"noreferrer noopener\"> II Congreso de Ecoturismo de la Subb\u00e9tica Cordobesa <\/a>se celebr\u00f3 los d\u00edas 6 y 7 de marzo en el Jard\u00edn Micol\u00f3gico la Trufa de Zagrilla, ubicado en Priego de C\u00f3rdoba, municipio del\u00a0 Geoparque Mundial de la UNESCO y el Parque Natural de las Sierras Subb\u00e9ticas. Durante el evento, la Asociaci\u00f3n de Ecoturismo en Espa\u00f1a tuvo la oportunidad de presentar los avances de su proyecto \u201cSostenibilidad y Digitalizaci\u00f3n de la Red de Experiencias Ecoturismo en Espa\u00f1a\u201d entre los que fue protagonista su nueva plataforma de comercializaci\u00f3n <a href=\"https:\/\/soyecoturista.com\/es\/\" target=\"_blank\" rel=\"noreferrer noopener\">Soy Ecoturista<\/a>.\u00a0<\/p>\n\n\n\n<p>Las Sierras Subb\u00e9ticas, destino adherido al club de producto de Ecoturismo en Espa\u00f1a desde 2021 por contar con la Carta Europea de Turismo Sostenible (CETS), destacan por su Parque Natural y su reconocimiento como Geoparque Mundial de la UNESCO, reconocimientos que demuestran la singularidad de sus recursos naturales. El destino cuenta adem\u00e1s con una serie de empresas adheridas a la CETS y a Soy Ecoturista, que han asumido compromisos firmes de sostenibilidad, y est\u00e1 desarrollando un ambicioso Plan de Sostenibilidad Tur\u00edstica en Destino centrado en el producto ecoturismo. El Congreso permiti\u00f3 a los asistentes conocer de primera mano los valores naturales y los productos locales de la Subb\u00e9tica, as\u00ed como su afirme apuesta por el desarrollo del ecoturismo en el destino. Todo ello gracias a la hospitalidad y buen trabajo de sus organizadores.<\/p>\n\n\n\n<p>La Asociaci\u00f3n de Ecoturismo en Espa\u00f1a (AEE) tuvo un doble papel durante el Congreso, moderando en primer lugar la mesa redonda dedicada a analizar la situaci\u00f3n y expectativas del ecoturismo en Andaluc\u00eda, en la que participaron representantes de la administraci\u00f3 p\u00fablica, tanto de turismo como de espacios protegidos (Consejer\u00eda de Sostenibilidad Medio Ambiente y Econom\u00eda Azul y Consejer\u00eda de Turismo, Cultura y Deporte de la Junta de Andaluc\u00eda), as\u00ed como representantes del sector empresarial, tanto regional como de destinos que est\u00e1n impulsando firmemente el ecoturismo (Asociaci\u00f3n de Gu\u00edas de Naturaleza de Andaluc\u00eda, Foro de la CETS Sierra Nevada, Asociaci\u00f3n Profesional de Empresarios de Turismo Activo y Ecoturismo \u201cAndaluc\u00eda Ecoactiva\u201d). Durante su intervenci\u00f3n inicial, Amanda Guzm\u00e1n, gerente de la Asociaci\u00f3n de Ecoturismo en Espa\u00f1a anim\u00f3 a \u201crescatar y usar de referencia la<a href=\"https:\/\/foroecoturismoandalucia.es\/declaracion-de-aracena\/\" target=\"_blank\" rel=\"noreferrer noopener\"> Declaraci\u00f3n de Aracena para el impulso del ecoturismo en Andaluc\u00eda<\/a>, que fue resultado de un trabajo participado en el marco del\u00a0 I Foro de Ecoturismo de Andaluc\u00eda celebrado en noviembre de 2021, y que recoge consideraciones sobre el concepto de ecoturismo y el producto tur\u00edstico, sus beneficios y potencial en Andaluc\u00eda, y propuestas concretas de acciones que se identificaron como necesarias para seguir avanzando\u201d<\/p>\n\n\n\n<p>Posteriormente, la AEE particip\u00f3 en una mesa moderada por Ana Mu\u00f1oz, de la Secretar\u00eda de Estado de Turismo, para presentar los \u00faltimos avances del club de producto de Ecoturismo en Espa\u00f1a gracias al proyecto financiado con la convocatoria Experiencias de Ecoturismo en Espa\u00f1a y entre los que destacan la nueva plataforma de comercializaci\u00f3n <a href=\"https:\/\/soyecoturista.com\/\" target=\"_blank\" rel=\"noreferrer noopener\">Soy Ecoturista<\/a>, donde el visitante ya puede planificar y reservar experiencias de aut\u00e9ntico ecoturismo, actividades y alojamientos en los destinos adheridos, y su plan de marketing y comunicaci\u00f3n enfocado en mercados nacional e internacional. Las herramientas que se est\u00e1n desarrollando con el proyecto, van a permitir consolidar la red de destinos y empresas adheridas a Soy Ecoturista, y hacerlas llegar de forma m\u00e1s eficaz a los potenciales ecoturistas nacionales e internacionales que valorar las garant\u00edas que se ofrecen desde el club de producto.<\/p>\n\n\n\n<p>El congreso tambi\u00e9n destac\u00f3 la importancia de la innovaci\u00f3n tecnol\u00f3gica aplicada a la sostenibilidad tur\u00edstica y ofreci\u00f3 un espacio para conocer nuevas experiencias que han permitido desarrollar e impulsar el ecoturismo. Se mostraron ejemplos de implementaci\u00f3n de Planes de Sostenibilidad Tur\u00edstica en destinos nacionalesorientados al ecoturismo y se compartieron casos de \u00e9xito del Programa \u201cExperiencias Espa\u00f1a\u201d, ambos cruciales para la conservaci\u00f3n de los recursos naturales y el desarrollo sostenible.<\/p>\n\n\n\n<p>Con la participaci\u00f3n de m\u00e1s de 150 asistentes, la segunda edici\u00f3n del congreso ha vuelto a ofrecer un espacio para intercambiar ideas, experiencias y establecer directrices hacia pr\u00e1cticas m\u00e1s responsables en el sector del ecoturismo.<\/p>\n\n\n\n<p>Las ponencias y mesas redondas fueron grabadas y estar\u00e1n disponible pr\u00f3ximamente en la p\u00e1gina web del Congreso:<a href=\"https:\/\/www.congresosdelasubbetica.com\/\" target=\"_blank\" rel=\"noreferrer noopener\"> https:\/\/www.congresosdelasubbetica.com\/<\/a>.\u00a0<\/p>\n\n\n\n<figure class=\"wp-block-gallery has-nested-images columns-default is-cropped wp-block-gallery-1 is-layout-flex wp-block-gallery-is-layout-flex\">\n<figure class=\"wp-block-image size-large\"><img loading=\"lazy\" decoding=\"async\" width=\"1024\" height=\"576\" data-id=\"43963\" src=\"https:\/\/www.soyecoturista.com\/asociacion\/wp-content\/uploads\/2024\/04\/01_IICongresoEcoturismoSubbetica-1024x576.jpg\" alt=\"Autoridades asistentes al II Congreso de Ecoturismo de La Subb\u00e9tica Cordobesa\" class=\"wp-image-43963\" srcset=\"https:\/\/www.soyecoturista.com\/asociacion\/wp-content\/uploads\/2024\/04\/01_IICongresoEcoturismoSubbetica-1024x576.jpg 1024w, https:\/\/www.soyecoturista.com\/asociacion\/wp-content\/uploads\/2024\/04\/01_IICongresoEcoturismoSubbetica-300x169.jpg 300w, https:\/\/www.soyecoturista.com\/asociacion\/wp-content\/uploads\/2024\/04\/01_IICongresoEcoturismoSubbetica-768x432.jpg 768w, https:\/\/www.soyecoturista.com\/asociacion\/wp-content\/uploads\/2024\/04\/01_IICongresoEcoturismoSubbetica-1536x864.jpg 1536w, https:\/\/www.soyecoturista.com\/asociacion\/wp-content\/uploads\/2024\/04\/01_IICongresoEcoturismoSubbetica-2048x1152.jpg 2048w\" sizes=\"auto, (max-width: 1024px) 100vw, 1024px\" \/><\/figure>\n\n\n\n<figure class=\"wp-block-image size-large\"><img loading=\"lazy\" decoding=\"async\" width=\"1024\" height=\"577\" data-id=\"43959\" src=\"https:\/\/www.soyecoturista.com\/asociacion\/wp-content\/uploads\/2024\/04\/02_IICongresoEcoturismoSubbetica-1024x577.jpg\" alt=\"Autoridades asistentes al II Congreso de Ecoturismo de La Subb\u00e9tica Cordobesa\" class=\"wp-image-43959\" srcset=\"https:\/\/www.soyecoturista.com\/asociacion\/wp-content\/uploads\/2024\/04\/02_IICongresoEcoturismoSubbetica-1024x577.jpg 1024w, https:\/\/www.soyecoturista.com\/asociacion\/wp-content\/uploads\/2024\/04\/02_IICongresoEcoturismoSubbetica-300x169.jpg 300w, https:\/\/www.soyecoturista.com\/asociacion\/wp-content\/uploads\/2024\/04\/02_IICongresoEcoturismoSubbetica-768x432.jpg 768w, https:\/\/www.soyecoturista.com\/asociacion\/wp-content\/uploads\/2024\/04\/02_IICongresoEcoturismoSubbetica-1536x865.jpg 1536w, https:\/\/www.soyecoturista.com\/asociacion\/wp-content\/uploads\/2024\/04\/02_IICongresoEcoturismoSubbetica.jpg 1600w\" sizes=\"auto, (max-width: 1024px) 100vw, 1024px\" \/><\/figure>\n\n\n\n<figure class=\"wp-block-image size-large\"><img loading=\"lazy\" decoding=\"async\" width=\"1024\" height=\"576\" data-id=\"43965\" src=\"https:\/\/www.soyecoturista.com\/asociacion\/wp-content\/uploads\/2024\/04\/03_IICongresoEcoturismoSubbetica-1024x576.jpg\" alt=\"Autoridades asistentes al II Congreso de Ecoturismo de La Subb\u00e9tica Cordobesa\" class=\"wp-image-43965\" srcset=\"https:\/\/www.soyecoturista.com\/asociacion\/wp-content\/uploads\/2024\/04\/03_IICongresoEcoturismoSubbetica-1024x576.jpg 1024w, https:\/\/www.soyecoturista.com\/asociacion\/wp-content\/uploads\/2024\/04\/03_IICongresoEcoturismoSubbetica-300x169.jpg 300w, https:\/\/www.soyecoturista.com\/asociacion\/wp-content\/uploads\/2024\/04\/03_IICongresoEcoturismoSubbetica-768x432.jpg 768w, https:\/\/www.soyecoturista.com\/asociacion\/wp-content\/uploads\/2024\/04\/03_IICongresoEcoturismoSubbetica-1536x864.jpg 1536w, https:\/\/www.soyecoturista.com\/asociacion\/wp-content\/uploads\/2024\/04\/03_IICongresoEcoturismoSubbetica-2048x1152.jpg 2048w\" sizes=\"auto, (max-width: 1024px) 100vw, 1024px\" \/><\/figure>\n\n\n\n<figure class=\"wp-block-image size-large\"><img loading=\"lazy\" decoding=\"async\" width=\"1024\" height=\"576\" data-id=\"43960\" src=\"https:\/\/www.soyecoturista.com\/asociacion\/wp-content\/uploads\/2024\/04\/04_IICongresoEcoturismoSubbetica-1024x576.jpg\" alt=\"Autoridades asistentes al II Congreso de Ecoturismo de La Subb\u00e9tica Cordobesa\" class=\"wp-image-43960\" srcset=\"https:\/\/www.soyecoturista.com\/asociacion\/wp-content\/uploads\/2024\/04\/04_IICongresoEcoturismoSubbetica-1024x576.jpg 1024w, https:\/\/www.soyecoturista.com\/asociacion\/wp-content\/uploads\/2024\/04\/04_IICongresoEcoturismoSubbetica-300x169.jpg 300w, https:\/\/www.soyecoturista.com\/asociacion\/wp-content\/uploads\/2024\/04\/04_IICongresoEcoturismoSubbetica-768x432.jpg 768w, https:\/\/www.soyecoturista.com\/asociacion\/wp-content\/uploads\/2024\/04\/04_IICongresoEcoturismoSubbetica-1536x864.jpg 1536w, https:\/\/www.soyecoturista.com\/asociacion\/wp-content\/uploads\/2024\/04\/04_IICongresoEcoturismoSubbetica.jpg 1600w\" sizes=\"auto, (max-width: 1024px) 100vw, 1024px\" \/><\/figure>\n\n\n\n<figure class=\"wp-block-image size-large\"><img loading=\"lazy\" decoding=\"async\" width=\"1024\" height=\"576\" data-id=\"43962\" src=\"https:\/\/www.soyecoturista.com\/asociacion\/wp-content\/uploads\/2024\/04\/05_IICongresoEcoturismoSubbetica-1024x576.jpg\" alt=\"Autoridades asistentes al II Congreso de Ecoturismo de La Subb\u00e9tica Cordobesa\" class=\"wp-image-43962\" srcset=\"https:\/\/www.soyecoturista.com\/asociacion\/wp-content\/uploads\/2024\/04\/05_IICongresoEcoturismoSubbetica-1024x576.jpg 1024w, https:\/\/www.soyecoturista.com\/asociacion\/wp-content\/uploads\/2024\/04\/05_IICongresoEcoturismoSubbetica-300x169.jpg 300w, https:\/\/www.soyecoturista.com\/asociacion\/wp-content\/uploads\/2024\/04\/05_IICongresoEcoturismoSubbetica-768x432.jpg 768w, https:\/\/www.soyecoturista.com\/asociacion\/wp-content\/uploads\/2024\/04\/05_IICongresoEcoturismoSubbetica-1536x864.jpg 1536w, https:\/\/www.soyecoturista.com\/asociacion\/wp-content\/uploads\/2024\/04\/05_IICongresoEcoturismoSubbetica-2048x1152.jpg 2048w\" sizes=\"auto, (max-width: 1024px) 100vw, 1024px\" \/><\/figure>\n\n\n\n<figure class=\"wp-block-image size-large\"><img loading=\"lazy\" decoding=\"async\" width=\"1024\" height=\"576\" data-id=\"43964\" src=\"https:\/\/www.soyecoturista.com\/asociacion\/wp-content\/uploads\/2024\/04\/06_IICongresoEcoturismoSubbetica-1024x576.jpg\" alt=\"Autoridades asistentes al II Congreso de Ecoturismo de La Subb\u00e9tica Cordobesa\" class=\"wp-image-43964\" srcset=\"https:\/\/www.soyecoturista.com\/asociacion\/wp-content\/uploads\/2024\/04\/06_IICongresoEcoturismoSubbetica-1024x576.jpg 1024w, https:\/\/www.soyecoturista.com\/asociacion\/wp-content\/uploads\/2024\/04\/06_IICongresoEcoturismoSubbetica-300x169.jpg 300w, https:\/\/www.soyecoturista.com\/asociacion\/wp-content\/uploads\/2024\/04\/06_IICongresoEcoturismoSubbetica-768x432.jpg 768w, https:\/\/www.soyecoturista.com\/asociacion\/wp-content\/uploads\/2024\/04\/06_IICongresoEcoturismoSubbetica-1536x864.jpg 1536w, https:\/\/www.soyecoturista.com\/asociacion\/wp-content\/uploads\/2024\/04\/06_IICongresoEcoturismoSubbetica-2048x1152.jpg 2048w\" sizes=\"auto, (max-width: 1024px) 100vw, 1024px\" \/><\/figure>\n<\/figure>\n","protected":false},"excerpt":{"rendered":"<p>El II Congreso de Ecoturismo de la Subb\u00e9tica Cordobesa se celebr\u00f3 los d\u00edas 6 y 7 de marzo en el Jard\u00edn Micol\u00f3gico la Trufa de Zagrilla, ubicado en Priego de [&hellip;]<\/p>\n","protected":false},"author":6,"featured_media":43961,"comment_status":"open","ping_status":"open","sticky":false,"template":"","format":"standard","meta":{"_acf_changed":false,"footnotes":""},"categories":[4],"tags":[39,11,33,16],"class_list":["post-43958","post","type-post","status-publish","format-standard","has-post-thumbnail","hentry","category-noticias","tag-soyecoturista","tag-ecoturismo","tag-espacios-protegidos","tag-naturaleza"],"acf":[],"_links":{"self":[{"href":"https:\/\/www.soyecoturista.com\/asociacion\/wp-json\/wp\/v2\/posts\/43958","targetHints":{"allow":["GET"]}}],"collection":[{"href":"https:\/\/www.soyecoturista.com\/asociacion\/wp-json\/wp\/v2\/posts"}],"about":[{"href":"https:\/\/www.soyecoturista.com\/asociacion\/wp-json\/wp\/v2\/types\/post"}],"author":[{"embeddable":true,"href":"https:\/\/www.soyecoturista.com\/asociacion\/wp-json\/wp\/v2\/users\/6"}],"replies":[{"embeddable":true,"href":"https:\/\/www.soyecoturista.com\/asociacion\/wp-json\/wp\/v2\/comments?post=43958"}],"version-history":[{"count":3,"href":"https:\/\/www.soyecoturista.com\/asociacion\/wp-json\/wp\/v2\/posts\/43958\/revisions"}],"predecessor-version":[{"id":43968,"href":"https:\/\/www.soyecoturista.com\/asociacion\/wp-json\/wp\/v2\/posts\/43958\/revisions\/43968"}],"wp:featuredmedia":[{"embeddable":true,"href":"https:\/\/www.soyecoturista.com\/asociacion\/wp-json\/wp\/v2\/media\/43961"}],"wp:attachment":[{"href":"https:\/\/www.soyecoturista.com\/asociacion\/wp-json\/wp\/v2\/media?parent=43958"}],"wp:term":[{"taxonomy":"category","embeddable":true,"href":"https:\/\/www.soyecoturista.com\/asociacion\/wp-json\/wp\/v2\/categories?post=43958"},{"taxonomy":"post_tag","embeddable":true,"href":"https:\/\/www.soyecoturista.com\/asociacion\/wp-json\/wp\/v2\/tags?post=43958"}],"curies":[{"name":"wp","href":"https:\/\/api.w.org\/{rel}","templated":true}]}}