{"id":43926,"date":"2024-03-04T10:36:45","date_gmt":"2024-03-04T09:36:45","guid":{"rendered":"https:\/\/www.soyecoturista.com\/asociacion\/?p=43926"},"modified":"2025-09-29T12:07:42","modified_gmt":"2025-09-29T10:07:42","slug":"aee-biocultura-a-coruna","status":"publish","type":"post","link":"https:\/\/www.soyecoturista.com\/asociacion\/aee-biocultura-a-coruna\/","title":{"rendered":"La Asociaci\u00f3n de Ecoturismo presente en la quinta edici\u00f3n de BioCultura en A Coru\u00f1a"},"content":{"rendered":"\n<p>Los d\u00edas 1, 2 y 3 de marzo se celebr\u00f3 la quinta edici\u00f3n de BioCultura en A Coru\u00f1a, donde la Asociaci\u00f3n de Ecoturismo en Espa\u00f1a realiz\u00f3 el discurso inaugural, present\u00f3 las novedades de la plataforma de comercializaci\u00f3n de Soy Ecoturista y particip\u00f3 en la entrega de los certificados a las nuevas empresas adheridas en la Reserva de Biosfera Mari\u00f1as Coru\u00f1esas.<\/p>\n\n\n\n<p>La quinta edici\u00f3n de <a href=\"https:\/\/www.biocultura.org\/acoruna\" target=\"_blank\" rel=\"noreferrer noopener\">BioCultura<\/a> en A Coru\u00f1a, la feria m\u00e1s grande de productos ecol\u00f3gicos y ecoturismo en Espa\u00f1a, tuvo lugar del 1 al 3 de marzo en EXPOCoru\u00f1a. M\u00e1s de 150 expositores se reunieron en el evento, abarcando sectores como alimentaci\u00f3n bio, ecoturismo, cosm\u00e9tica ecol\u00f3gica, moda sostenible, bienestar y m\u00e1s. Paralelamente se ofrecieron m\u00e1s de 10.000 referencias en alimentaci\u00f3n bio y se esperaba superar los 13.000 visitantes, con m\u00e1s de 150 actividades planificadas.<\/p>\n\n\n\n<p>La inauguraci\u00f3n de la feria tuvo lugar el viernes 1 de marzo y cont\u00f3 con la presencia de los responsables de diversas entidades p\u00fablicas y privadas que apoyan su organizaci\u00f3n. La presidenta de la Asociaci\u00f3n de Ecoturismo en Espa\u00f1a, Ana Llano, resalt\u00f3 en su discurso inaugural la importancia del ecoturismo como una forma de viajar responsable que contribuye al desarrollo socioecon\u00f3mico y la conservaci\u00f3n de la naturaleza en las zonas rurales. Ana Llano se\u00f1al\u00f3 que \u201cdesde el ecoturismo no buscamos necesariamente m\u00e1s turistas, s\u00ed mejor distribuidos en el espacio y en el tiempo, y sobre todo, mejores, viajeros que valoran todo esto que tenemos que ofrecer, viajeros que dejen una huella positiva, que ayuden a mantener y conservar\u201d. Tambi\u00e9n destac\u00f3 la importancia de eventos como Biocultura A Coru\u00f1a para promover el consumo de productos ecol\u00f3gicos y el ecoturismo, como una herramienta eficaz para promover el desarrollo local y la conservaci\u00f3n de la naturaleza.<\/p>\n\n\n\n<p>La participaci\u00f3n de la Asociaci\u00f3n de Ecoturismo en Espa\u00f1a fue posible gracias a la colaboraci\u00f3n de la Reserva de Biosfera Mari\u00f1as Coru\u00f1esas, primer destino de Galicia adherido a Soy Ecoturista, que cont\u00f3 en la Feria con un importante espacio expositivo y un interesante programa de actividades que incluy\u00f3 unas jornadas t\u00e9cnicas sobre Ecoturismo. Amanda Guzm\u00e1n, gerente de la Asociaci\u00f3n de Ecoturismo en Espa\u00f1a present\u00f3 en dichas jornadas el club de producto Ecoturismo en Espa\u00f1a, si funcionamiento, sus requisitos, sus herramientas de promoci\u00f3n, as\u00ed como el ejemplo pr\u00e1ctico de Mari\u00f1as Coru\u00f1esas y su buen hacer como destino de ecoturismo certificado. Por la tarde tuvimos la oportunidad de presentar la nueva plataforma de comercializaci\u00f3n <a href=\"https:\/\/soyecoturista.com\/es\/\" target=\"_blank\" rel=\"noreferrer noopener\">Soy Ecoturista<\/a> y se proyect\u00f3 en primicia el documental sobre Mari\u00f1as Coru\u00f1esas como destino adheridos&nbsp; Soy Ecoturista elaborado en el marco del Proyecto de Experiencias de Ecoturismo en Espa\u00f1a. Para finalizar, Ana Llano, presidenta de la Asociaci\u00f3n de Ecoturismo en Espa\u00f1a, particip\u00f3 en el acto de entrega de los certificados a las nuevas empresas adheridas a la Marca Reserva de Biosfera y, por tanto, a Soy Ecoturista.<\/p>\n\n\n\n<p>El evento cont\u00f3 con la participaci\u00f3n de empresas interesadas y la presencia de profesionales del sector del ecoturismo, ofreciendo una feria interesante para aquellos interesados en una vida saludable y ecol\u00f3gica, as\u00ed como para promover el consumo de productos ecol\u00f3gicos y el ecoturismo.&nbsp;<\/p>\n\n\n\n<figure class=\"wp-block-gallery has-nested-images columns-3 is-cropped wp-block-gallery-1 is-layout-flex wp-block-gallery-is-layout-flex\">\n<figure class=\"wp-block-image size-large\"><img loading=\"lazy\" decoding=\"async\" width=\"1024\" height=\"576\" data-id=\"43944\" src=\"https:\/\/www.soyecoturista.com\/asociacion\/wp-content\/uploads\/2024\/03\/01_foto-grupo-biocultura-1024x576.jpg\" alt=\"Autoridades asistentes al acto de inauguraci\u00f3n de BioCultura en A Coru\u00f1a\" class=\"wp-image-43944\" srcset=\"https:\/\/www.soyecoturista.com\/asociacion\/wp-content\/uploads\/2024\/03\/01_foto-grupo-biocultura-1024x576.jpg 1024w, https:\/\/www.soyecoturista.com\/asociacion\/wp-content\/uploads\/2024\/03\/01_foto-grupo-biocultura-300x169.jpg 300w, https:\/\/www.soyecoturista.com\/asociacion\/wp-content\/uploads\/2024\/03\/01_foto-grupo-biocultura-768x432.jpg 768w, https:\/\/www.soyecoturista.com\/asociacion\/wp-content\/uploads\/2024\/03\/01_foto-grupo-biocultura-1536x864.jpg 1536w, https:\/\/www.soyecoturista.com\/asociacion\/wp-content\/uploads\/2024\/03\/01_foto-grupo-biocultura.jpg 1706w\" sizes=\"auto, (max-width: 1024px) 100vw, 1024px\" \/><\/figure>\n\n\n\n<figure class=\"wp-block-image size-large is-style-default\"><img loading=\"lazy\" decoding=\"async\" width=\"1024\" height=\"632\" data-id=\"48461\" src=\"https:\/\/www.soyecoturista.com\/asociacion\/wp-content\/uploads\/2024\/03\/02__Biocultura_SoyEcoturista-1024x632.png\" alt=\"\" class=\"wp-image-48461\" srcset=\"https:\/\/www.soyecoturista.com\/asociacion\/wp-content\/uploads\/2024\/03\/02__Biocultura_SoyEcoturista-1024x632.png 1024w, https:\/\/www.soyecoturista.com\/asociacion\/wp-content\/uploads\/2024\/03\/02__Biocultura_SoyEcoturista-300x185.png 300w, https:\/\/www.soyecoturista.com\/asociacion\/wp-content\/uploads\/2024\/03\/02__Biocultura_SoyEcoturista-768x474.png 768w, https:\/\/www.soyecoturista.com\/asociacion\/wp-content\/uploads\/2024\/03\/02__Biocultura_SoyEcoturista-1536x948.png 1536w, https:\/\/www.soyecoturista.com\/asociacion\/wp-content\/uploads\/2024\/03\/02__Biocultura_SoyEcoturista-2048x1264.png 2048w\" sizes=\"auto, (max-width: 1024px) 100vw, 1024px\" \/><\/figure>\n\n\n\n<figure class=\"wp-block-image size-large\"><img loading=\"lazy\" decoding=\"async\" width=\"1024\" height=\"576\" data-id=\"48462\" src=\"https:\/\/www.soyecoturista.com\/asociacion\/wp-content\/uploads\/2024\/03\/03_Biocultura_SoyEcoturista-1024x576.jpg\" alt=\"Autoridades asistentes al acto de inauguraci\u00f3n de BioCultura en A Coru\u00f1a\" class=\"wp-image-48462\" srcset=\"https:\/\/www.soyecoturista.com\/asociacion\/wp-content\/uploads\/2024\/03\/03_Biocultura_SoyEcoturista-1024x576.jpg 1024w, https:\/\/www.soyecoturista.com\/asociacion\/wp-content\/uploads\/2024\/03\/03_Biocultura_SoyEcoturista-300x169.jpg 300w, https:\/\/www.soyecoturista.com\/asociacion\/wp-content\/uploads\/2024\/03\/03_Biocultura_SoyEcoturista-768x432.jpg 768w, https:\/\/www.soyecoturista.com\/asociacion\/wp-content\/uploads\/2024\/03\/03_Biocultura_SoyEcoturista-1536x864.jpg 1536w, https:\/\/www.soyecoturista.com\/asociacion\/wp-content\/uploads\/2024\/03\/03_Biocultura_SoyEcoturista-2048x1152.jpg 2048w\" sizes=\"auto, (max-width: 1024px) 100vw, 1024px\" \/><\/figure>\n\n\n\n<figure class=\"wp-block-image size-full\"><img loading=\"lazy\" decoding=\"async\" width=\"1024\" height=\"683\" data-id=\"48463\" src=\"https:\/\/www.soyecoturista.com\/asociacion\/wp-content\/uploads\/2024\/03\/04_Biocultura_RB_MarinasCorunesas.jpg\" alt=\"\" class=\"wp-image-48463\" srcset=\"https:\/\/www.soyecoturista.com\/asociacion\/wp-content\/uploads\/2024\/03\/04_Biocultura_RB_MarinasCorunesas.jpg 1024w, https:\/\/www.soyecoturista.com\/asociacion\/wp-content\/uploads\/2024\/03\/04_Biocultura_RB_MarinasCorunesas-300x200.jpg 300w, https:\/\/www.soyecoturista.com\/asociacion\/wp-content\/uploads\/2024\/03\/04_Biocultura_RB_MarinasCorunesas-768x512.jpg 768w\" sizes=\"auto, (max-width: 1024px) 100vw, 1024px\" \/><\/figure>\n\n\n\n<figure class=\"wp-block-image size-full\"><img loading=\"lazy\" decoding=\"async\" width=\"1024\" height=\"576\" data-id=\"48464\" src=\"https:\/\/www.soyecoturista.com\/asociacion\/wp-content\/uploads\/2024\/03\/05_Biocultura_RB_MarinasCorunesas.jpg\" alt=\"Empresas asistentes al acto de inauguraci\u00f3n de BioCultura en A Coru\u00f1a\" class=\"wp-image-48464\" srcset=\"https:\/\/www.soyecoturista.com\/asociacion\/wp-content\/uploads\/2024\/03\/05_Biocultura_RB_MarinasCorunesas.jpg 1024w, https:\/\/www.soyecoturista.com\/asociacion\/wp-content\/uploads\/2024\/03\/05_Biocultura_RB_MarinasCorunesas-300x169.jpg 300w, https:\/\/www.soyecoturista.com\/asociacion\/wp-content\/uploads\/2024\/03\/05_Biocultura_RB_MarinasCorunesas-768x432.jpg 768w\" sizes=\"auto, (max-width: 1024px) 100vw, 1024px\" \/><\/figure>\n\n\n\n<figure class=\"wp-block-image size-full\"><img loading=\"lazy\" decoding=\"async\" width=\"1024\" height=\"683\" data-id=\"48466\" src=\"https:\/\/www.soyecoturista.com\/asociacion\/wp-content\/uploads\/2024\/03\/06_Biocultura_RB_MarinasCorunesas.jpg\" alt=\"\" class=\"wp-image-48466\" srcset=\"https:\/\/www.soyecoturista.com\/asociacion\/wp-content\/uploads\/2024\/03\/06_Biocultura_RB_MarinasCorunesas.jpg 1024w, https:\/\/www.soyecoturista.com\/asociacion\/wp-content\/uploads\/2024\/03\/06_Biocultura_RB_MarinasCorunesas-300x200.jpg 300w, https:\/\/www.soyecoturista.com\/asociacion\/wp-content\/uploads\/2024\/03\/06_Biocultura_RB_MarinasCorunesas-768x512.jpg 768w\" sizes=\"auto, (max-width: 1024px) 100vw, 1024px\" \/><\/figure>\n\n\n\n<figure class=\"wp-block-image size-full\"><img loading=\"lazy\" decoding=\"async\" width=\"1024\" height=\"810\" data-id=\"48468\" src=\"https:\/\/www.soyecoturista.com\/asociacion\/wp-content\/uploads\/2024\/03\/07_Biocultura_RB_MarinasCorunesas.jpg\" alt=\"Representantes de la Asociaci\u00f3n de Ecoturismo en Espa\u00f1a y autoridades asistentes al acto de inauguraci\u00f3n de BioCultura en A Coru\u00f1a\" class=\"wp-image-48468\" srcset=\"https:\/\/www.soyecoturista.com\/asociacion\/wp-content\/uploads\/2024\/03\/07_Biocultura_RB_MarinasCorunesas.jpg 1024w, https:\/\/www.soyecoturista.com\/asociacion\/wp-content\/uploads\/2024\/03\/07_Biocultura_RB_MarinasCorunesas-300x237.jpg 300w, https:\/\/www.soyecoturista.com\/asociacion\/wp-content\/uploads\/2024\/03\/07_Biocultura_RB_MarinasCorunesas-768x608.jpg 768w\" sizes=\"auto, (max-width: 1024px) 100vw, 1024px\" \/><\/figure>\n\n\n\n<figure class=\"wp-block-image size-full\"><img loading=\"lazy\" decoding=\"async\" width=\"1024\" height=\"916\" data-id=\"48469\" src=\"https:\/\/www.soyecoturista.com\/asociacion\/wp-content\/uploads\/2024\/03\/08_Biocultura_RB_MarinasCorunesas.jpg\" alt=\"Diego L\u00f3pez, t\u00e9cnico Reserva de Biosfera Mari\u00f1as Coru\u00f1esas e Terras do Mandeo en el acto de BioCultura en A Coru\u00f1a\" class=\"wp-image-48469\" srcset=\"https:\/\/www.soyecoturista.com\/asociacion\/wp-content\/uploads\/2024\/03\/08_Biocultura_RB_MarinasCorunesas.jpg 1024w, https:\/\/www.soyecoturista.com\/asociacion\/wp-content\/uploads\/2024\/03\/08_Biocultura_RB_MarinasCorunesas-300x268.jpg 300w, https:\/\/www.soyecoturista.com\/asociacion\/wp-content\/uploads\/2024\/03\/08_Biocultura_RB_MarinasCorunesas-768x687.jpg 768w\" sizes=\"auto, (max-width: 1024px) 100vw, 1024px\" \/><\/figure>\n\n\n\n<figure class=\"wp-block-image size-full\"><img loading=\"lazy\" decoding=\"async\" width=\"1024\" height=\"683\" data-id=\"48470\" src=\"https:\/\/www.soyecoturista.com\/asociacion\/wp-content\/uploads\/2024\/03\/09_Biocultura_RB_MarinasCorunesas.jpg\" alt=\"Autoridades asistentes al acto de inauguraci\u00f3n de BioCultura en A Coru\u00f1a\" class=\"wp-image-48470\" srcset=\"https:\/\/www.soyecoturista.com\/asociacion\/wp-content\/uploads\/2024\/03\/09_Biocultura_RB_MarinasCorunesas.jpg 1024w, https:\/\/www.soyecoturista.com\/asociacion\/wp-content\/uploads\/2024\/03\/09_Biocultura_RB_MarinasCorunesas-300x200.jpg 300w, https:\/\/www.soyecoturista.com\/asociacion\/wp-content\/uploads\/2024\/03\/09_Biocultura_RB_MarinasCorunesas-768x512.jpg 768w\" sizes=\"auto, (max-width: 1024px) 100vw, 1024px\" \/><\/figure>\n<\/figure>\n\n\n\n<div class=\"wp-block-columns are-vertically-aligned-center is-layout-flex wp-container-core-columns-is-layout-9d6595d7 wp-block-columns-is-layout-flex\">\n<div class=\"wp-block-column is-vertically-aligned-center is-layout-flow wp-block-column-is-layout-flow\" style=\"flex-basis:100%\">\n<figure class=\"wp-block-image size-large\"><img loading=\"lazy\" decoding=\"async\" width=\"1024\" height=\"156\" src=\"https:\/\/www.soyecoturista.com\/asociacion\/wp-content\/uploads\/2024\/03\/Logos_Pie_PPT_Proyecto_EEE-1024x156.png\" alt=\"\" class=\"wp-image-48471\" srcset=\"https:\/\/www.soyecoturista.com\/asociacion\/wp-content\/uploads\/2024\/03\/Logos_Pie_PPT_Proyecto_EEE-1024x156.png 1024w, https:\/\/www.soyecoturista.com\/asociacion\/wp-content\/uploads\/2024\/03\/Logos_Pie_PPT_Proyecto_EEE-300x46.png 300w, https:\/\/www.soyecoturista.com\/asociacion\/wp-content\/uploads\/2024\/03\/Logos_Pie_PPT_Proyecto_EEE-768x117.png 768w, https:\/\/www.soyecoturista.com\/asociacion\/wp-content\/uploads\/2024\/03\/Logos_Pie_PPT_Proyecto_EEE-1536x234.png 1536w, https:\/\/www.soyecoturista.com\/asociacion\/wp-content\/uploads\/2024\/03\/Logos_Pie_PPT_Proyecto_EEE.png 1878w\" sizes=\"auto, (max-width: 1024px) 100vw, 1024px\" \/><\/figure>\n\n\n\n<div class=\"wp-block-group\"><div class=\"wp-block-group__inner-container is-layout-constrained wp-block-group-is-layout-constrained\">\n<div class=\"wp-block-columns is-layout-flex wp-container-core-columns-is-layout-9d6595d7 wp-block-columns-is-layout-flex\">\n<div class=\"wp-block-column is-layout-flow wp-block-column-is-layout-flow\" style=\"flex-basis:100%\"><\/div>\n<\/div>\n<\/div><\/div>\n<\/div>\n<\/div>\n\n\n\n<figure class=\"wp-block-gallery has-nested-images columns-default is-cropped wp-block-gallery-2 is-layout-flex wp-block-gallery-is-layout-flex\"><\/figure>\n","protected":false},"excerpt":{"rendered":"<p>Los d\u00edas 1, 2 y 3 de marzo se celebr\u00f3 la quinta edici\u00f3n de BioCultura en A Coru\u00f1a, donde la Asociaci\u00f3n de Ecoturismo en Espa\u00f1a realiz\u00f3 el discurso inaugural, present\u00f3 [&hellip;]<\/p>\n","protected":false},"author":6,"featured_media":43943,"comment_status":"open","ping_status":"open","sticky":false,"template":"","format":"standard","meta":{"_acf_changed":false,"footnotes":""},"categories":[4],"tags":[11,33,16],"class_list":["post-43926","post","type-post","status-publish","format-standard","has-post-thumbnail","hentry","category-noticias","tag-ecoturismo","tag-espacios-protegidos","tag-naturaleza"],"acf":[],"_links":{"self":[{"href":"https:\/\/www.soyecoturista.com\/asociacion\/wp-json\/wp\/v2\/posts\/43926","targetHints":{"allow":["GET"]}}],"collection":[{"href":"https:\/\/www.soyecoturista.com\/asociacion\/wp-json\/wp\/v2\/posts"}],"about":[{"href":"https:\/\/www.soyecoturista.com\/asociacion\/wp-json\/wp\/v2\/types\/post"}],"author":[{"embeddable":true,"href":"https:\/\/www.soyecoturista.com\/asociacion\/wp-json\/wp\/v2\/users\/6"}],"replies":[{"embeddable":true,"href":"https:\/\/www.soyecoturista.com\/asociacion\/wp-json\/wp\/v2\/comments?post=43926"}],"version-history":[{"count":7,"href":"https:\/\/www.soyecoturista.com\/asociacion\/wp-json\/wp\/v2\/posts\/43926\/revisions"}],"predecessor-version":[{"id":48473,"href":"https:\/\/www.soyecoturista.com\/asociacion\/wp-json\/wp\/v2\/posts\/43926\/revisions\/48473"}],"wp:featuredmedia":[{"embeddable":true,"href":"https:\/\/www.soyecoturista.com\/asociacion\/wp-json\/wp\/v2\/media\/43943"}],"wp:attachment":[{"href":"https:\/\/www.soyecoturista.com\/asociacion\/wp-json\/wp\/v2\/media?parent=43926"}],"wp:term":[{"taxonomy":"category","embeddable":true,"href":"https:\/\/www.soyecoturista.com\/asociacion\/wp-json\/wp\/v2\/categories?post=43926"},{"taxonomy":"post_tag","embeddable":true,"href":"https:\/\/www.soyecoturista.com\/asociacion\/wp-json\/wp\/v2\/tags?post=43926"}],"curies":[{"name":"wp","href":"https:\/\/api.w.org\/{rel}","templated":true}]}}