{"id":43538,"date":"2024-02-12T16:10:36","date_gmt":"2024-02-12T15:10:36","guid":{"rendered":"https:\/\/www.soyecoturista.com\/asociacion\/?p=43538"},"modified":"2024-02-28T16:14:27","modified_gmt":"2024-02-28T15:14:27","slug":"jornadas-ceev-cantabria","status":"publish","type":"post","link":"https:\/\/www.soyecoturista.com\/asociacion\/jornadas-ceev-cantabria\/","title":{"rendered":"Empresas tur\u00edsticas de Cantabria participan en las jornadas de presentaci\u00f3n del Corredor de Ecoturismo de la Espa\u00f1a Verde"},"content":{"rendered":"\n<p><strong>Los d\u00edas 7 y 8 de febrero se celebraron en Cantabria las jornadas de presentaci\u00f3n del Corredor de Ecoturismo a las empresas tur\u00edsticas que operan en los espacios naturales protegidos participantes<\/strong><\/p>\n\n\n\n<p class=\"has-medium-font-size\"><\/p>\n\n\n<div class=\"wp-block-image\">\n<figure class=\"alignleft size-full\"><img loading=\"lazy\" decoding=\"async\" width=\"800\" height=\"600\" src=\"https:\/\/www.soyecoturista.com\/asociacion\/wp-content\/uploads\/2024\/02\/WhatsApp-Image-2024-02-07-at-23.02.21-2.jpeg\" alt=\"\" class=\"wp-image-43548\" srcset=\"https:\/\/www.soyecoturista.com\/asociacion\/wp-content\/uploads\/2024\/02\/WhatsApp-Image-2024-02-07-at-23.02.21-2.jpeg 800w, https:\/\/www.soyecoturista.com\/asociacion\/wp-content\/uploads\/2024\/02\/WhatsApp-Image-2024-02-07-at-23.02.21-2-300x225.jpeg 300w, https:\/\/www.soyecoturista.com\/asociacion\/wp-content\/uploads\/2024\/02\/WhatsApp-Image-2024-02-07-at-23.02.21-2-768x576.jpeg 768w\" sizes=\"auto, (max-width: 800px) 100vw, 800px\" \/><\/figure>\n<\/div>\n\n\n<p>El d\u00eda 7, se llev\u00f3 a cabo la jornada de presentaci\u00f3n en Potes para empresas de la ZEC Li\u00e9bana y en Roiz para empresas de la ZEC Valles Altos Nansa, Saja y Alto Campo. Al d\u00eda siguiente, el d\u00eda 8, se celebraron las jornadas en Noja dirigidas a empresas del Parque Natural de las Marismas de Santo\u00f1a, Victoria y Joyel, y en Soto de la Marina para empresas de ZEC Dunas del Puntal y Estuario del Miera y del Parque Natural de las Dunas de Liencres y Costa Quebrada, una jornada que se celebr\u00f3 de manera conjunta.<\/p>\n\n\n\n<p>Las empresas que quieran sumarse al proyecto primero deber\u00e1n cumplir unas condiciones de participaci\u00f3n que demuestren la legalidad de la empresa su vinculaci\u00f3n al espacio protegido correspondiente y que la actividad empresarial desarrollada es acorde a los objetivos, enfoque y l\u00ednea de trabajo del Corredor. Las empresas que finalmente se incorporen al proyecto participar\u00e1n en actividades de formaci\u00f3n, auditor\u00eda y acreditaci\u00f3n en ecoturismo y sostenibilidad, garantizando as\u00ed su compromiso con la conservaci\u00f3n de la biodiversidad y el desarrollo local.<\/p>\n\n\n\n<p>El proyecto continuar\u00e1 en los siguientes meses con nuevas fases. Por ejemplo, con la formaci\u00f3n para la creaci\u00f3n de experiencias y productos de ecoturismo que podr\u00e1n ser comprados por los viajeros interesados en el ecoturismo y comercializados por la red de agencias de viajes colaboradoras.<\/p>\n\n\n\n<p>Todas las jornadas han sido organizadas en colaboraci\u00f3n con los agentes locales de cada territorio que apoyan la implantaci\u00f3n del proyecto en cada uno de los territorios participantes: Grupo Desarrollo Rural Li\u00e9bana y la Mancomunidad Li\u00e9bana y Pe\u00f1arrubia (ZEC Li\u00e9bana), Grupo de Desarrollo Local Saja-Nansa y la Asociaci\u00f3n de Desarrollo Territorial Campoo \u2013 Los Valles (ZEC Valles Altos Nansa, Saja y Alto Campoo), ayuntamiento de Marina de Cudeyo y Ribamont\u00e1n al Mar (ZEC Dunas del Puntal y Estuario del Miera), los ayuntamientos que aportan territorio al Parque Natural de las Marismas de Santo\u00f1a, Victoria y Joyel y la Asociaci\u00f3n Costa Quebrada (Parque Natural de las Dunas de Liencres y Costa Quebrada).<\/p>\n\n\n\n<p><strong>El Corredor de Ecoturismo de la Espa\u00f1a Verde<\/strong><\/p>\n\n\n\n<p>El Corredor de Ecoturismo es un proyecto impulsado por las 4 Comunidades Aut\u00f3nomas de la Espa\u00f1a Verde: Cantabria, Euskadi, Galicia y el Principado de Asturias. Tiene como objetivo crear una gran ruta que conecte una selecci\u00f3n de espacios protegidos de las 4 Comunidades Aut\u00f3nomas a trav\u00e9s de experiencias de ecoturismo ofrecidas por empresas tur\u00edsticas locales.<\/p>\n\n\n\n<p>El Corredor es la primera gran ruta de ecoturismo en Espa\u00f1a y pretende servir de argumento inspirador para recorridos de media y larga distancia visitando las 4 Comunidades Aut\u00f3nomas en un viaje de conocimiento, exploraci\u00f3n y disfrute de sus principales espacios protegidos, y se prev\u00e9 contar con la participaci\u00f3n de casi 300 empresas ubicadas en los 26 espacios naturales protegidos participantes.<\/p>\n\n\n\n<p>El proyecto, coordinado por el Principado de Asturias, cuenta con un presupuesto general de 938.000\u20ac, que ser\u00e1 gestionado por las 4 comunidades aut\u00f3nomas que toman parte en el proyecto, con la financiaci\u00f3n de fondos europeos Next Generation a trav\u00e9s del Plan de Recuperaci\u00f3n, Transformaci\u00f3n y Resiliencia del Ministerio de Industria, Comercio y Turismo del Gobierno de Espa\u00f1a, dentro del programa &#8220;Experiencias Turismo Espa\u00f1a&#8221;.<\/p>\n\n\n\n<figure class=\"wp-block-gallery has-nested-images columns-default is-cropped wp-block-gallery-1 is-layout-flex wp-block-gallery-is-layout-flex\">\n<figure class=\"wp-block-image size-large\"><img loading=\"lazy\" decoding=\"async\" width=\"1024\" height=\"576\" data-id=\"43542\" src=\"https:\/\/www.soyecoturista.com\/asociacion\/wp-content\/uploads\/2024\/02\/WhatsApp-Image-2024-02-09-at-07.25.213-1024x576.jpeg\" alt=\"\" class=\"wp-image-43542\" srcset=\"https:\/\/www.soyecoturista.com\/asociacion\/wp-content\/uploads\/2024\/02\/WhatsApp-Image-2024-02-09-at-07.25.213-1024x576.jpeg 1024w, https:\/\/www.soyecoturista.com\/asociacion\/wp-content\/uploads\/2024\/02\/WhatsApp-Image-2024-02-09-at-07.25.213-300x169.jpeg 300w, https:\/\/www.soyecoturista.com\/asociacion\/wp-content\/uploads\/2024\/02\/WhatsApp-Image-2024-02-09-at-07.25.213-768x432.jpeg 768w, https:\/\/www.soyecoturista.com\/asociacion\/wp-content\/uploads\/2024\/02\/WhatsApp-Image-2024-02-09-at-07.25.213-1536x864.jpeg 1536w, https:\/\/www.soyecoturista.com\/asociacion\/wp-content\/uploads\/2024\/02\/WhatsApp-Image-2024-02-09-at-07.25.213.jpeg 1600w\" sizes=\"auto, (max-width: 1024px) 100vw, 1024px\" \/><\/figure>\n\n\n\n<figure class=\"wp-block-image size-large\"><img loading=\"lazy\" decoding=\"async\" width=\"1024\" height=\"576\" data-id=\"43540\" src=\"https:\/\/www.soyecoturista.com\/asociacion\/wp-content\/uploads\/2024\/02\/WhatsApp-Image-2024-02-09-at-07.25.218-1024x576.jpeg\" alt=\"\" class=\"wp-image-43540\" srcset=\"https:\/\/www.soyecoturista.com\/asociacion\/wp-content\/uploads\/2024\/02\/WhatsApp-Image-2024-02-09-at-07.25.218-1024x576.jpeg 1024w, https:\/\/www.soyecoturista.com\/asociacion\/wp-content\/uploads\/2024\/02\/WhatsApp-Image-2024-02-09-at-07.25.218-300x169.jpeg 300w, https:\/\/www.soyecoturista.com\/asociacion\/wp-content\/uploads\/2024\/02\/WhatsApp-Image-2024-02-09-at-07.25.218-768x432.jpeg 768w, https:\/\/www.soyecoturista.com\/asociacion\/wp-content\/uploads\/2024\/02\/WhatsApp-Image-2024-02-09-at-07.25.218-1536x864.jpeg 1536w, https:\/\/www.soyecoturista.com\/asociacion\/wp-content\/uploads\/2024\/02\/WhatsApp-Image-2024-02-09-at-07.25.218.jpeg 1600w\" sizes=\"auto, (max-width: 1024px) 100vw, 1024px\" \/><\/figure>\n\n\n\n<figure class=\"wp-block-image size-large\"><img loading=\"lazy\" decoding=\"async\" width=\"1024\" height=\"576\" data-id=\"43541\" src=\"https:\/\/www.soyecoturista.com\/asociacion\/wp-content\/uploads\/2024\/02\/WhatsApp-Image-2024-02-09-at-07.25.215-1024x576.jpeg\" alt=\"\" class=\"wp-image-43541\" srcset=\"https:\/\/www.soyecoturista.com\/asociacion\/wp-content\/uploads\/2024\/02\/WhatsApp-Image-2024-02-09-at-07.25.215-1024x576.jpeg 1024w, https:\/\/www.soyecoturista.com\/asociacion\/wp-content\/uploads\/2024\/02\/WhatsApp-Image-2024-02-09-at-07.25.215-300x169.jpeg 300w, https:\/\/www.soyecoturista.com\/asociacion\/wp-content\/uploads\/2024\/02\/WhatsApp-Image-2024-02-09-at-07.25.215-768x432.jpeg 768w, https:\/\/www.soyecoturista.com\/asociacion\/wp-content\/uploads\/2024\/02\/WhatsApp-Image-2024-02-09-at-07.25.215-1536x864.jpeg 1536w, https:\/\/www.soyecoturista.com\/asociacion\/wp-content\/uploads\/2024\/02\/WhatsApp-Image-2024-02-09-at-07.25.215.jpeg 1600w\" sizes=\"auto, (max-width: 1024px) 100vw, 1024px\" \/><\/figure>\n<\/figure>\n\n\n\n<hr class=\"wp-block-separator has-alpha-channel-opacity\"\/>\n","protected":false},"excerpt":{"rendered":"<p>Los d\u00edas 7 y 8 de febrero se celebraron en Cantabria las jornadas de presentaci\u00f3n del Corredor de Ecoturismo a las empresas tur\u00edsticas que operan en los espacios naturales protegidos [&hellip;]<\/p>\n","protected":false},"author":6,"featured_media":43543,"comment_status":"closed","ping_status":"closed","sticky":false,"template":"","format":"standard","meta":{"_acf_changed":false,"footnotes":""},"categories":[4],"tags":[39,814,11,14,33],"class_list":["post-43538","post","type-post","status-publish","format-standard","has-post-thumbnail","hentry","category-noticias","tag-soyecoturista","tag-corredor-verde","tag-ecoturismo","tag-ecoturismo-en-espana","tag-espacios-protegidos"],"acf":[],"_links":{"self":[{"href":"https:\/\/www.soyecoturista.com\/asociacion\/wp-json\/wp\/v2\/posts\/43538","targetHints":{"allow":["GET"]}}],"collection":[{"href":"https:\/\/www.soyecoturista.com\/asociacion\/wp-json\/wp\/v2\/posts"}],"about":[{"href":"https:\/\/www.soyecoturista.com\/asociacion\/wp-json\/wp\/v2\/types\/post"}],"author":[{"embeddable":true,"href":"https:\/\/www.soyecoturista.com\/asociacion\/wp-json\/wp\/v2\/users\/6"}],"replies":[{"embeddable":true,"href":"https:\/\/www.soyecoturista.com\/asociacion\/wp-json\/wp\/v2\/comments?post=43538"}],"version-history":[{"count":6,"href":"https:\/\/www.soyecoturista.com\/asociacion\/wp-json\/wp\/v2\/posts\/43538\/revisions"}],"predecessor-version":[{"id":43551,"href":"https:\/\/www.soyecoturista.com\/asociacion\/wp-json\/wp\/v2\/posts\/43538\/revisions\/43551"}],"wp:featuredmedia":[{"embeddable":true,"href":"https:\/\/www.soyecoturista.com\/asociacion\/wp-json\/wp\/v2\/media\/43543"}],"wp:attachment":[{"href":"https:\/\/www.soyecoturista.com\/asociacion\/wp-json\/wp\/v2\/media?parent=43538"}],"wp:term":[{"taxonomy":"category","embeddable":true,"href":"https:\/\/www.soyecoturista.com\/asociacion\/wp-json\/wp\/v2\/categories?post=43538"},{"taxonomy":"post_tag","embeddable":true,"href":"https:\/\/www.soyecoturista.com\/asociacion\/wp-json\/wp\/v2\/tags?post=43538"}],"curies":[{"name":"wp","href":"https:\/\/api.w.org\/{rel}","templated":true}]}}