{"id":43379,"date":"2024-01-24T12:26:56","date_gmt":"2024-01-24T11:26:56","guid":{"rendered":"https:\/\/www.soyecoturista.com\/asociacion\/?p=43379"},"modified":"2024-04-18T11:06:51","modified_gmt":"2024-04-18T09:06:51","slug":"congreso-nacional-de-ecoturismo","status":"publish","type":"post","link":"https:\/\/www.soyecoturista.com\/asociacion\/congreso-nacional-de-ecoturismo\/","title":{"rendered":"Congreso Nacional de Ecoturismo"},"content":{"rendered":"\n<p><strong>El Congreso de referencia para empresas y destinos de ecoturismo en Espa\u00f1a.<\/strong><\/p>\n\n\n\n<figure class=\"wp-block-image size-full\"><img loading=\"lazy\" decoding=\"async\" width=\"944\" height=\"763\" src=\"https:\/\/www.soyecoturista.com\/asociacion\/wp-content\/uploads\/2024\/02\/07_CongresoEcoturismo_LOGO.jpeg\" alt=\"\" class=\"wp-image-43389\" srcset=\"https:\/\/www.soyecoturista.com\/asociacion\/wp-content\/uploads\/2024\/02\/07_CongresoEcoturismo_LOGO.jpeg 944w, https:\/\/www.soyecoturista.com\/asociacion\/wp-content\/uploads\/2024\/02\/07_CongresoEcoturismo_LOGO-300x242.jpeg 300w, https:\/\/www.soyecoturista.com\/asociacion\/wp-content\/uploads\/2024\/02\/07_CongresoEcoturismo_LOGO-768x621.jpeg 768w\" sizes=\"auto, (max-width: 944px) 100vw, 944px\" \/><\/figure>\n\n\n\n<p>El <a href=\"https:\/\/www.congresonacionaldeecoturismo.es\/\" target=\"_blank\" rel=\"noreferrer noopener\">Congreso Nacional de Ecoturismo<\/a> surgi\u00f3 como iniciativa propuesta por la Asociaci\u00f3n Ecoturismo en Espa\u00f1a a la Secretar\u00eda de Estado de Turismo y al Organismo Aut\u00f3nomo Parques Nacionales en 2016, ante la necesidad de sentar las bases y criterios para un adecuado desarrollo del ecoturismo en nuestro pa\u00eds con todos los actores implicados, y asegurar que este producto contribuye al desarrollo sostenible local y a la conservaci\u00f3n de la naturaleza. En sus sucesivas ediciones, el Congreso Nacional de Ecoturismo ha servido para realizar un seguimiento de las necesidades del sector y para evaluar de forma continua las actuaciones de impulso que acometen los actores implicados, de forma que se a\u00fanen esfuerzos para impulsar el producto Ecoturismo en Espa\u00f1a.<\/p>\n\n\n\n<p><br>El I Congreso Nacional de Ecoturismo tuvo lugar en Daimiel en noviembre de 2016 y fue organizado por la Secretar\u00eda de Estado de Turismo, el Organismo Aut\u00f3nomo de Parques Nacionales y el Ayuntamiento de Daimiel, con la colaboraci\u00f3n de la Junta de Comunidades de Castilla-La Mancha, el Club Ecoturismo en Espa\u00f1a y la Asociaci\u00f3n Tur\u00edstica de Tablas de Daimiel. Congreg\u00f3 por primera vez 180 profesionales implicados en el impulso del ecoturismo en Espa\u00f1a, tanto del sector p\u00fablico como del sector privado, entre los que se encontraban representantes de administraciones tur\u00edsticas de comunidades aut\u00f3nomas, gestores de espacios protegidos, asociaciones empresariales tur\u00edsticas, representantes de grupos de desarrollo rural y empresas de ecoturismo a t\u00edtulo individual.<\/p>\n\n\n\n<p>El I Congreso Nacional de Ecoturismo marc\u00f3 un hito y produjo como resultados la Declaraci\u00f3n de Daimiel, una hoja de ruta para mejorar este producto, el m\u00e1s beneficioso para el medio rural y para diversificar y mejorar la imagen de Espa\u00f1a como destino m\u00e1s sostenible.<\/p>\n\n\n\n<p>La Declaraci\u00f3n de Daimiel tambi\u00e9n establece una definici\u00f3n del concepto de Ecoturismo, trabajada y consensuada por los asistentes al Congreso:<\/p>\n\n\n\n<ul class=\"wp-block-list\">\n<li>A qui\u00e9n va dirigido: \u201cAl p\u00fablico que desea conocer, descubrir, aprender, apreciar y reconectar con la naturaleza\u201d<\/li>\n\n\n\n<li>Un componente fundamental: \u201cLa interpretaci\u00f3n del patrimonio natural y cultural\u201d<\/li>\n\n\n\n<li>Un atributo imprescindible \u201cPor definici\u00f3n incorpora los principios del turismo sostenible en relaci\u00f3n con los impactos econ\u00f3micos, sociales y ambientales del turismo. Es decir, se planifica con la participaci\u00f3n de todos los actores implicados y contribuye a la calidad de vida de la poblaci\u00f3n local de los destinos donde se desarrolla.\u201d<\/li>\n\n\n\n<li>Una prioridad incuestionable: \u201cLa conservaci\u00f3n de los espacios naturales donde se desarrolla\u201d<\/li>\n\n\n\n<li>Una condici\u00f3n necesaria \u201cDebe contribuir a la conservaci\u00f3n de la naturaleza\u201d<\/li>\n<\/ul>\n\n\n\n<p>Desde 2016 se han celebrado con \u00e9xito un total de 6 ediciones, consolid\u00e1ndose como el evento de referencia para profesionales, empresarios e instituciones p\u00fablicas implicados en el desarrollo del producto Ecoturismo en Espa\u00f1a, hecho avalado por el auge de este producto tur\u00edstico en nuestro pa\u00eds.<\/p>\n\n\n\n<ul class=\"wp-block-list\">\n<li>I Congreso Nacional de Ecoturismo, en Daimiel, Castilla-La Mancha, del 22 al 24 de 2016. Parque Nacional de las Tablas de Daimiel.<\/li>\n\n\n\n<li>II Congreso Nacional de Ecoturismo, Guadalupe, Extremadura, del 7 al 9 de noviembre de 2017. Geoparque Mundial de la UNESCO Villuercas, Obores, Jara.<\/li>\n\n\n\n<li>III Congreso Nacional de Ecoturismo, Cangas del Narcea, Asturias, del 12 al 15 de noviembre de 2018. Parque Natural y Reserva de la Biosfera Muniellos-Fuentes del Narcea.<\/li>\n\n\n\n<li>IV Congreso Nacional de Ecoturismo, en Guadix, Andaluc\u00eda, del 13 al 15 de noviembre de 2019. Parque Nacional y Parque Natural de Sierra Nevada.<\/li>\n\n\n\n<li>V Congreso Nacional de Ecoturismo, en Menorca, Islas Baleares, del 19 al 21 de octubre de 2020. Reserva de la Biosfera de Menorca.<\/li>\n\n\n\n<li>VI Congreso Nacional de Ecoturismo, en Mari\u00f1as Coru\u00f1esas, Galicia, del 18 al 20 de octubre de 2022. Reserva de Biosfera de Mari\u00f1as Coru\u00f1esas.<\/li>\n<\/ul>\n\n\n\n<p>Cada una de las ediciones ha sido impulsada y coordinada por la Asociaci\u00f3n de Ecoturismo en Espa\u00f1a, financiada por el conjunto de entidades organizadoras y participada por el sector empresarial tur\u00edstico de cada destino.<br>La pr\u00f3xima edici\u00f3n tendr\u00e1 lugar del 22 al 24 de octubre de 2024 en el Geoparque Mundial UNESCO de la Costa Vasca, Pa\u00eds Vasco.<br>M\u00e1s informaci\u00f3n sobre el Congreso: <a href=\"https:\/\/www.congresonacionaldeecoturismo.es\/\" target=\"_blank\" rel=\"noreferrer noopener\">www.congresonacionaldeecoturismo.es<\/a><\/p>\n\n\n\n<p>Cada una de las ediciones ha sido impulsada y coordinada por la Asociaci\u00f3n de Ecoturismo en Espa\u00f1a, financiada por el conjunto de entidades organizadoras y participada por el sector empresarial tur\u00edstico de cada destino.<br>La pr\u00f3xima edici\u00f3n tendr\u00e1 lugar del 22 al 24 de octubre de 2024 en el Geoparque Mundial UNESCO de la Costa Vasca, Pa\u00eds Vasco.<br>M\u00e1s informaci\u00f3n sobre el Congreso: <a href=\"https:\/\/www.congresonacionaldeecoturismo.es\/\" target=\"_blank\" rel=\"noreferrer noopener\">www.congresonacionaldeecoturismo.es<\/a> <\/p>\n\n\n\n<figure class=\"wp-block-gallery has-nested-images columns-default is-cropped wp-block-gallery-1 is-layout-flex wp-block-gallery-is-layout-flex\">\n<figure class=\"wp-block-image size-large\"><img loading=\"lazy\" decoding=\"async\" width=\"1024\" height=\"583\" data-id=\"43398\" src=\"https:\/\/www.soyecoturista.com\/asociacion\/wp-content\/uploads\/2024\/02\/06_VICNE-1-1024x583.jpeg\" alt=\"\" class=\"wp-image-43398\" srcset=\"https:\/\/www.soyecoturista.com\/asociacion\/wp-content\/uploads\/2024\/02\/06_VICNE-1-1024x583.jpeg 1024w, https:\/\/www.soyecoturista.com\/asociacion\/wp-content\/uploads\/2024\/02\/06_VICNE-1-300x171.jpeg 300w, https:\/\/www.soyecoturista.com\/asociacion\/wp-content\/uploads\/2024\/02\/06_VICNE-1-768x437.jpeg 768w, https:\/\/www.soyecoturista.com\/asociacion\/wp-content\/uploads\/2024\/02\/06_VICNE-1-1536x874.jpeg 1536w, https:\/\/www.soyecoturista.com\/asociacion\/wp-content\/uploads\/2024\/02\/06_VICNE-1.jpeg 1920w\" sizes=\"auto, (max-width: 1024px) 100vw, 1024px\" \/><\/figure>\n\n\n\n<figure class=\"wp-block-image size-large\"><img loading=\"lazy\" decoding=\"async\" width=\"1024\" height=\"683\" data-id=\"43395\" src=\"https:\/\/www.soyecoturista.com\/asociacion\/wp-content\/uploads\/2024\/02\/05_VCNE-1024x683.jpg\" alt=\"\" class=\"wp-image-43395\" srcset=\"https:\/\/www.soyecoturista.com\/asociacion\/wp-content\/uploads\/2024\/02\/05_VCNE-1024x683.jpg 1024w, https:\/\/www.soyecoturista.com\/asociacion\/wp-content\/uploads\/2024\/02\/05_VCNE-300x200.jpg 300w, https:\/\/www.soyecoturista.com\/asociacion\/wp-content\/uploads\/2024\/02\/05_VCNE-768x512.jpg 768w, https:\/\/www.soyecoturista.com\/asociacion\/wp-content\/uploads\/2024\/02\/05_VCNE-1536x1024.jpg 1536w, https:\/\/www.soyecoturista.com\/asociacion\/wp-content\/uploads\/2024\/02\/05_VCNE.jpg 1920w\" sizes=\"auto, (max-width: 1024px) 100vw, 1024px\" \/><\/figure>\n\n\n\n<figure class=\"wp-block-image size-large\"><img loading=\"lazy\" decoding=\"async\" width=\"1024\" height=\"546\" data-id=\"43402\" src=\"https:\/\/www.soyecoturista.com\/asociacion\/wp-content\/uploads\/2024\/02\/03_IIICNE_Completa-2-1024x546.jpg\" alt=\"\" class=\"wp-image-43402\" srcset=\"https:\/\/www.soyecoturista.com\/asociacion\/wp-content\/uploads\/2024\/02\/03_IIICNE_Completa-2-1024x546.jpg 1024w, https:\/\/www.soyecoturista.com\/asociacion\/wp-content\/uploads\/2024\/02\/03_IIICNE_Completa-2-300x160.jpg 300w, https:\/\/www.soyecoturista.com\/asociacion\/wp-content\/uploads\/2024\/02\/03_IIICNE_Completa-2-768x409.jpg 768w, https:\/\/www.soyecoturista.com\/asociacion\/wp-content\/uploads\/2024\/02\/03_IIICNE_Completa-2.jpg 1406w\" sizes=\"auto, (max-width: 1024px) 100vw, 1024px\" \/><\/figure>\n\n\n\n<figure class=\"wp-block-image size-large\"><img loading=\"lazy\" decoding=\"async\" width=\"1024\" height=\"652\" data-id=\"43399\" src=\"https:\/\/www.soyecoturista.com\/asociacion\/wp-content\/uploads\/2024\/02\/04_IVCNE-1024x652.jpg\" alt=\"\" class=\"wp-image-43399\" srcset=\"https:\/\/www.soyecoturista.com\/asociacion\/wp-content\/uploads\/2024\/02\/04_IVCNE-1024x652.jpg 1024w, https:\/\/www.soyecoturista.com\/asociacion\/wp-content\/uploads\/2024\/02\/04_IVCNE-300x191.jpg 300w, https:\/\/www.soyecoturista.com\/asociacion\/wp-content\/uploads\/2024\/02\/04_IVCNE-768x489.jpg 768w, https:\/\/www.soyecoturista.com\/asociacion\/wp-content\/uploads\/2024\/02\/04_IVCNE-1536x978.jpg 1536w, https:\/\/www.soyecoturista.com\/asociacion\/wp-content\/uploads\/2024\/02\/04_IVCNE.jpg 1920w\" sizes=\"auto, (max-width: 1024px) 100vw, 1024px\" \/><\/figure>\n\n\n\n<figure class=\"wp-block-image size-large\"><img loading=\"lazy\" decoding=\"async\" width=\"1024\" height=\"576\" data-id=\"43397\" src=\"https:\/\/www.soyecoturista.com\/asociacion\/wp-content\/uploads\/2024\/02\/02_IICNE-1024x576.jpg\" alt=\"\" class=\"wp-image-43397\" srcset=\"https:\/\/www.soyecoturista.com\/asociacion\/wp-content\/uploads\/2024\/02\/02_IICNE-1024x576.jpg 1024w, https:\/\/www.soyecoturista.com\/asociacion\/wp-content\/uploads\/2024\/02\/02_IICNE-300x169.jpg 300w, https:\/\/www.soyecoturista.com\/asociacion\/wp-content\/uploads\/2024\/02\/02_IICNE-768x432.jpg 768w, https:\/\/www.soyecoturista.com\/asociacion\/wp-content\/uploads\/2024\/02\/02_IICNE-1536x864.jpg 1536w, https:\/\/www.soyecoturista.com\/asociacion\/wp-content\/uploads\/2024\/02\/02_IICNE.jpg 1920w\" sizes=\"auto, (max-width: 1024px) 100vw, 1024px\" \/><\/figure>\n\n\n\n<figure class=\"wp-block-image size-large\"><img loading=\"lazy\" decoding=\"async\" width=\"1024\" height=\"576\" data-id=\"43396\" src=\"https:\/\/www.soyecoturista.com\/asociacion\/wp-content\/uploads\/2024\/02\/01_ICNE-1-1024x576.jpg\" alt=\"Asistentes al Congreso Nacional de Ecoturismo\" class=\"wp-image-43396\" srcset=\"https:\/\/www.soyecoturista.com\/asociacion\/wp-content\/uploads\/2024\/02\/01_ICNE-1-1024x576.jpg 1024w, https:\/\/www.soyecoturista.com\/asociacion\/wp-content\/uploads\/2024\/02\/01_ICNE-1-300x169.jpg 300w, https:\/\/www.soyecoturista.com\/asociacion\/wp-content\/uploads\/2024\/02\/01_ICNE-1-768x432.jpg 768w, https:\/\/www.soyecoturista.com\/asociacion\/wp-content\/uploads\/2024\/02\/01_ICNE-1-1536x864.jpg 1536w, https:\/\/www.soyecoturista.com\/asociacion\/wp-content\/uploads\/2024\/02\/01_ICNE-1.jpg 1920w\" sizes=\"auto, (max-width: 1024px) 100vw, 1024px\" \/><\/figure>\n<\/figure>\n","protected":false},"excerpt":{"rendered":"<p>El Congreso de referencia para empresas y destinos de ecoturismo en Espa\u00f1a. El Congreso Nacional de Ecoturismo surgi\u00f3 como iniciativa propuesta por la Asociaci\u00f3n Ecoturismo en Espa\u00f1a a la Secretar\u00eda [&hellip;]<\/p>\n","protected":false},"author":4,"featured_media":43405,"comment_status":"closed","ping_status":"open","sticky":false,"template":"","format":"standard","meta":{"_acf_changed":false,"footnotes":""},"categories":[672],"tags":[11,14,33,795,797],"class_list":["post-43379","post","type-post","status-publish","format-standard","has-post-thumbnail","hentry","category-proyectos-destacados","tag-ecoturismo","tag-ecoturismo-en-espana","tag-espacios-protegidos","tag-fondos-next-generation","tag-secrtearia-de-estado-de-turismo"],"acf":[],"_links":{"self":[{"href":"https:\/\/www.soyecoturista.com\/asociacion\/wp-json\/wp\/v2\/posts\/43379","targetHints":{"allow":["GET"]}}],"collection":[{"href":"https:\/\/www.soyecoturista.com\/asociacion\/wp-json\/wp\/v2\/posts"}],"about":[{"href":"https:\/\/www.soyecoturista.com\/asociacion\/wp-json\/wp\/v2\/types\/post"}],"author":[{"embeddable":true,"href":"https:\/\/www.soyecoturista.com\/asociacion\/wp-json\/wp\/v2\/users\/4"}],"replies":[{"embeddable":true,"href":"https:\/\/www.soyecoturista.com\/asociacion\/wp-json\/wp\/v2\/comments?post=43379"}],"version-history":[{"count":4,"href":"https:\/\/www.soyecoturista.com\/asociacion\/wp-json\/wp\/v2\/posts\/43379\/revisions"}],"predecessor-version":[{"id":47099,"href":"https:\/\/www.soyecoturista.com\/asociacion\/wp-json\/wp\/v2\/posts\/43379\/revisions\/47099"}],"wp:featuredmedia":[{"embeddable":true,"href":"https:\/\/www.soyecoturista.com\/asociacion\/wp-json\/wp\/v2\/media\/43405"}],"wp:attachment":[{"href":"https:\/\/www.soyecoturista.com\/asociacion\/wp-json\/wp\/v2\/media?parent=43379"}],"wp:term":[{"taxonomy":"category","embeddable":true,"href":"https:\/\/www.soyecoturista.com\/asociacion\/wp-json\/wp\/v2\/categories?post=43379"},{"taxonomy":"post_tag","embeddable":true,"href":"https:\/\/www.soyecoturista.com\/asociacion\/wp-json\/wp\/v2\/tags?post=43379"}],"curies":[{"name":"wp","href":"https:\/\/api.w.org\/{rel}","templated":true}]}}