{"id":42902,"date":"2024-01-29T15:29:15","date_gmt":"2024-01-29T14:29:15","guid":{"rendered":"https:\/\/www.soyecoturista.com\/asociacion\/?p=42902"},"modified":"2024-02-20T20:31:51","modified_gmt":"2024-02-20T19:31:51","slug":"novedades-presentadas-en-fitur-2024-plataforma-de-comercializacion-nueva-imagen-de-la-marca-soy-ecoturista-vii-congreso-nacional-de-ecoturismo-y-mucho-mas","status":"publish","type":"post","link":"https:\/\/www.soyecoturista.com\/asociacion\/novedades-presentadas-en-fitur-2024-plataforma-de-comercializacion-nueva-imagen-de-la-marca-soy-ecoturista-vii-congreso-nacional-de-ecoturismo-y-mucho-mas\/","title":{"rendered":"Novedades presentadas en FITUR 2024: plataforma de comercializaci\u00f3n, nueva imagen de la marca \u201cSoy Ecoturista\u201d, VII Congreso Nacional de Ecoturismo y mucho m\u00e1s"},"content":{"rendered":"\n<p>Un a\u00f1o m\u00e1s, FITUR ha supuesto una cita clave para la Asociaci\u00f3n de Ecoturismo en Espa\u00f1a en la que ha presentado sus avances y principales novedades para 2024, as\u00ed como ha podido establecer importantes contactos y reuniones de trabajo para seguir impulsando el producto Ecoturismo en Espa\u00f1a.<\/p>\n\n\n\n<p>El acto principal de la Asociaci\u00f3n tuvo lugar en el stand de Turespa\u00f1a y fue presentado por Ana Mu\u00f1oz, subdirectora general de Desarrollo y Sostenibilidad Tur\u00edstica de la Secretar\u00eda de Estado de Turismo, quien remarc\u00f3 la importancia del ecoturismo como \u201cun producto que puede servir para captar nuevos segmentos de demanda, sobre todo en mercados emisores cercanos centroeuropeos, pero tambi\u00e9n en otros mercados m\u00e1s lejanos\u201d. Ver acto completo <a href=\"https:\/\/www.youtube.com\/embed\/-h10-cUcqgk?si=ln0K8_d17BRUu6bx\" target=\"_blank\" rel=\"noreferrer noopener\">AQU\u00cd<\/a>.<\/p>\n\n\n\n<h3 class=\"wp-block-heading\"><strong>Seguimos creciendo en destinos y empresas adheridas<\/strong><\/h3>\n\n\n\n<p>Ana Llano, presidenta de la Asociaci\u00f3n de Ecoturismo en Espa\u00f1a, pas\u00f3 a presentar algunos avances del club de producto Ecoturismo en Espa\u00f1a, recordando que muestra lo mejor de la naturaleza espa\u00f1ola, disfrutando experiencias ofrecidas por empresas comprometidas con su conservaci\u00f3n. Tambi\u00e9n destac\u00f3 c\u00f3mo este producto, gracias a los requisitos que establece y a la simbiosis entre los gestores de los espacios protegidos y las empresas, permite afirmar que Ecoturismo en Espa\u00f1a es uno de los productos imprescindibles para frenar la despoblaci\u00f3n en zonas rurales y tambi\u00e9n para diversificar el turismo en las \u00e1reas protegidas costeras.<\/p>\n\n\n\n<p>En 2023 han aumentado un 50% el n\u00famero de destinos de ecoturismo adheridos, alcanzando ya los 41 destinos adheridos, que albergan espacios protegidos, en 13 comunidades aut\u00f3nomas. Tambi\u00e9n ha aumentado el n\u00famero de empresas adheridas, siendo m\u00e1s de 750 de diferentes tipolog\u00edas:&nbsp;&nbsp;<\/p>\n\n\n\n<p>Todas ellas cumplen ya los requisitos del club de producto y demuestran as\u00ed su compromiso con la sostenibilidad, la conservaci\u00f3n de la naturaleza y el desarrollo local.&nbsp;<\/p>\n\n\n\n<p>Buena parte de este incremento en los \u00faltimos a\u00f1os es gracias a los planes de sostenibilidad tur\u00edstica en destino, en los que muchos territorios con espacios protegidos apuestan por el ecoturismo.<\/p>\n\n\n<div class=\"wp-block-image\">\n<figure class=\"aligncenter\"><img decoding=\"async\" src=\"https:\/\/soyecoturista.com\/wp-content\/uploads\/2024\/01\/Destinos_Empresas_adheridos-1024x576.png\" alt=\"\" class=\"wp-image-27176\"\/><\/figure>\n<\/div>\n\n\n<h3 class=\"wp-block-heading\"><strong>Nueva plataforma de comercializaci\u00f3n e imagen de la marca Soy Ecoturista<\/strong><\/h3>\n\n\n\n<p>Amanda Guzm\u00e1n, gerente de la Asociaci\u00f3n de Ecoturismo en Espa\u00f1a, fue la encargada de presentar los importantes avances del proyecto \u201cSostenibilidad y digitalizaci\u00f3n de la Red de Experiencias Ecoturismo Espa\u00f1a\u201d para hacer m\u00e1s atractivo el relato y la marca \u201cSoy Ecoturista\u201d bajo la que se promociona el producto Ecoturismo en Espa\u00f1a para los consumidores y mejorar las herramientas de comunicaci\u00f3n y comercializaci\u00f3n de las experiencias para alcanzar con garant\u00edas a la demanda,&nbsp; mejorar su viabilidad y su rentabilidad.<\/p>\n\n\n\n<p>El <a href=\"https:\/\/soyecoturista.com\/asociacion-ecoturismo-espana-logra-financiacion-fondos-experiencias-turismo-espana\/\">proyecto<\/a>, presupuesto de casi 500.000 \u20ac de los fondos Next Generation UE, enmarcado en el programa \u201cExperiencias Turismo Espa\u00f1a\u201d, es liderado por la Asociaci\u00f3n de Ecoturismo en Espa\u00f1a y cuenta con dos socios estrat\u00e9gicos, MisterPlan, para el desarrollo de la plataforma web de comercializaci\u00f3n, y Rusticae en materia de marketing y comunicaci\u00f3n, as\u00ed como con 6 destinos piloto adheridos a Soy Ecoturista. Si bien, la plataforma est\u00e1 dise\u00f1ada para ir incorporando poco a poco toda la oferta del club de producto Ecoturismo en Espa\u00f1a.<\/p>\n\n\n\n<p>La <strong>plataforma se publicar\u00e1 el 22 de febrero de 2024<\/strong>, fecha en la que los viajeros podr\u00e1n planificar su viaje en los primeros destinos, elegir aut\u00e9nticas experiencias de ecoturismo que disfrutar y reservar alojamiento en los establecimientos m\u00e1s comprometidos con la conservaci\u00f3n y el desarrollo local.<\/p>\n\n\n\n<p>Adem\u00e1s, se est\u00e1 creando contenido audiovisual que facilitar\u00e1 la promoci\u00f3n y, por ende, la comercializaci\u00f3n de las experiencias, y que destaca la esencia y la idea de conservar y proteger los espacios naturales.&nbsp;<\/p>\n\n\n\n<p>La nueva imagen de la marca es el paraguas perfecto para este nuevo relato. \u201cSoy Ecoturista no es s\u00f3lo una marca, es un compromiso, una conexi\u00f3n profunda con nuestro entorno y un viaje hacia un turismo m\u00e1s responsable y sostenible. Porque creo que todos estamos de acuerdo en que no s\u00f3lo se trata de viajar, sino de viajar con prop\u00f3sito, de viajar conservando y protegiendo los espacios naturales que tanto amamos\u201d afirm\u00f3 la gerente de la Asociaci\u00f3n de Ecoturismo en Espa\u00f1a.<\/p>\n\n\n\n<p>Y a\u00f1adi\u00f3 que \u201cla nueva marca Soy Ecoturista representa, en definitiva, los valores y atributos que nos identifican como ecoturistas. No es una etiqueta, sino un compromiso tangible con la conservaci\u00f3n y protecci\u00f3n del entorno. Nos posicionamos en un espacio \u00fanico, donde viajar no es solo una experiencia, sino un acto de preservaci\u00f3n. Y buscamos conectar a nuestros viajeros a un nivel m\u00e1s profundo. Queremos que cada experiencia con Soy Ecoturista llegue a sus conciencias, que asocien nuestra marca con un mensaje activista que los inspire a ser guardianes de la naturaleza que visitan\u201d.<\/p>\n\n\n\n<p>De este modo, \u201cviajar conservando y protegiendo los espacios naturales&#8221; se convierte en el lema que guiar\u00e1 los pasos de esta nueva etapa del Club Ecoturismo en Espa\u00f1a y su marca Soy Ecoturista. <a href=\"https:\/\/www.youtube.com\/watch?v=-dw7bmU50hs&amp;t=2s\" target=\"_blank\" rel=\"noreferrer noopener\">Yo soy Ecoturista \u00bfY t\u00fa?<\/a><\/p>\n\n\n<div class=\"wp-block-image\">\n<figure class=\"aligncenter\"><img decoding=\"async\" src=\"https:\/\/soyecoturista.com\/wp-content\/uploads\/2024\/01\/ActoFITUR_ClubEcoturismo_03-1024x576.jpg\" alt=\"\" class=\"wp-image-27216\"\/><\/figure>\n<\/div>\n\n\n<h3 class=\"wp-block-heading\"><strong>VII Congreso Nacional de Ecoturismo<\/strong><\/h3>\n\n\n\n<p>Tuvo lugar en FITUR, tambi\u00e9n en el stand de Turespa\u00f1a, el anuncio de la pr\u00f3xima edici\u00f3n del Congreso Nacional de Ecoturismo, tras un a\u00f1o sin congreso, se retoma con muchas ganas en un momento que ser\u00e1 clave para conocer los importantes avances logrados en el impulso del ecoturismo gracias a los fondos Next Generation.&nbsp;<\/p>\n\n\n\n<p>El <strong>VII Congreso Nacional de Ecoturismo tendr\u00e1 lugar en del 23 al 25 de octubre de 2024 en el Geoparque de la Costa Vasca<\/strong>. Ana Llano agradeci\u00f3 a las instituciones y los anfitriones que lo har\u00e1n posible y nos acompa\u00f1aron en el acto, entre las que se encuentran la Secretar\u00eda de Estado de Turismo, el Gobierno Vasco, la Diputaci\u00f3n de Gipuzcoa y los ayuntamientos del Geoparque.&nbsp;<\/p>\n\n\n\n<p>El Geoparque de la Costa Vasca, primer destino de Euskadi en adherirse al club de producto Ecoturismo en Espa\u00f1a en 2019, cuenta ya con 22 empresas adheridas. Es adem\u00e1s un Geoparque de referencia de la Red de Geoparques Espa\u00f1oles que ofrece un entorno natural privilegiado y numerosas iniciativas de inter\u00e9s para mostrar de forma pr\u00e1ctica c\u00f3mo se pueden aplicar los principios del ecoturismo a la gesti\u00f3n de un destino y de las empresas.<\/p>\n\n\n\n<p>Tambi\u00e9n se destac\u00f3 la importancia de que este evento de referencia para profesionales del sector, se celebre en el Pa\u00eds Vasco, una de las Comunidades Aut\u00f3nomas que m\u00e1s est\u00e1 aportando al producto Ecoturismo en Espa\u00f1a con iniciativas de referencia como la Red de Ecoturismo de Euskadi, los Foros de Ecoturismo y la implantaci\u00f3n de diversos sistemas de sostenibilidad tur\u00edstica en espacios protegidos, proyectos e iniciativas que desde hace a\u00f1os viene impulsando el Gobierno Vasco a trav\u00e9s de Basquetour para apoyar y desarrollar el ecoturismo, as\u00ed como la buena labor de destinos y asociaciones empresariales de Euskadi que podremos conocer durante el evento.<\/p>\n\n\n<div class=\"wp-block-image\">\n<figure class=\"aligncenter\"><img decoding=\"async\" src=\"https:\/\/soyecoturista.com\/wp-content\/uploads\/2024\/01\/VII-Congreso-Nacional-de-Ecoturismo-1024x572.jpeg\" alt=\"\" class=\"wp-image-27178\"\/><\/figure>\n<\/div>\n\n\n<h3 class=\"wp-block-heading\"><strong>Corredor de Ecoturismo de la Espa\u00f1a Verde<\/strong><\/h3>\n\n\n\n<p>El <a href=\"https:\/\/www.soyecoturista.com\/asociacion\/corredor-de-ecoturismo\/\">Corredor de Ecoturismo de la Espa\u00f1a Verde<\/a> es un proyecto impulsado por las 4 Comunidades Aut\u00f3nomas que forman la marca tur\u00edstica Espa\u00f1a Verde -Asturias, Cantabria, Galicia y Pa\u00eds Vasco- y est\u00e1 financiado con fondos Next Generation en el marco del programa Experiencias Turismo Espa\u00f1a. El Corredor incorporar\u00e1 los destinos y empresas ya adheridos al club de producto Ecoturismo en Espa\u00f1a, as\u00ed como a alrededor de 100 empresas nuevas en unos 13 destinos, aplicando los requisitos del Club, creando la mayor ruta de ecoturismo de Europa por una selecci\u00f3n de espacios protegidos a trav\u00e9s de experiencias de aut\u00e9ntico ecoturismo para descubrirlos.<\/p>\n\n\n\n<p>Emma Pons, t\u00e9cnico de la Asociaci\u00f3n de Ecoturismo en Espa\u00f1a, tuvo la oportunidad de presentar las claves del proyecto en el stand de Cantabria, haciendo hincapi\u00e9 en c\u00f3mo se va a desarrollar en esta comunidad aut\u00f3noma, los nodos o espacios protegidos que podr\u00e1n participar, y c\u00f3mo se va a desarrollar el proceso de formaci\u00f3n y certificaci\u00f3n en ecoturismo de m\u00e1s de 20 empresas para que formen parte de este producto.<\/p>\n\n\n<div class=\"wp-block-image\">\n<figure class=\"aligncenter\"><img decoding=\"async\" src=\"https:\/\/soyecoturista.com\/wp-content\/uploads\/2024\/01\/Corredor-Ecoturismo-Cantabria-02-1024x576.jpg\" alt=\"\" class=\"wp-image-27179\"\/><\/figure>\n<\/div>\n\n\n<h3 class=\"wp-block-heading\"><strong>Proyecto Experiencias de Ecoturismo Cient\u00edfico en Espa\u00f1a&nbsp;<\/strong><\/h3>\n\n\n\n<p>Este <a href=\"https:\/\/soyecoturista.com\/ecoturismocientifico\/\">proyecto<\/a>, tambi\u00e9n financiado con fondos Next Generation, est\u00e1 dise\u00f1ando experiencias conectadas con proyectos de investigaci\u00f3n y conservaci\u00f3n de especies emblem\u00e1ticas. Es impulsado por 6 Fundaciones de Conservaci\u00f3n de la Naturaleza con las que la Asociaci\u00f3n de Ecoturismo en Espa\u00f1a ha firmado un convenio que permita integrar esas experiencias y las empresas que las ofrecen en el club de producto Ecoturismo en Espa\u00f1a y sus herramientas de promoci\u00f3n.<\/p>\n\n\n\n<p>FITUR ofreci\u00f3 la oportunidad para presentar el proyecto en distintos stands, as\u00ed como mantener una reuni\u00f3n de trabajo para seguir avanzando y profundizando en la colaboraci\u00f3n.<\/p>\n\n\n\n<figure class=\"wp-block-gallery has-nested-images columns-2 is-cropped wp-block-gallery-1 is-layout-flex wp-block-gallery-is-layout-flex\">\n<figure class=\"wp-block-image size-large\"><img loading=\"lazy\" decoding=\"async\" width=\"1024\" height=\"615\" data-id=\"43285\" src=\"https:\/\/www.soyecoturista.com\/asociacion\/wp-content\/uploads\/2024\/02\/Reunion-con-EECE-Ecoturismo-Cientifico-2-1-1024x615.jpeg\" alt=\"\" class=\"wp-image-43285\" srcset=\"https:\/\/www.soyecoturista.com\/asociacion\/wp-content\/uploads\/2024\/02\/Reunion-con-EECE-Ecoturismo-Cientifico-2-1-1024x615.jpeg 1024w, https:\/\/www.soyecoturista.com\/asociacion\/wp-content\/uploads\/2024\/02\/Reunion-con-EECE-Ecoturismo-Cientifico-2-1-300x180.jpeg 300w, https:\/\/www.soyecoturista.com\/asociacion\/wp-content\/uploads\/2024\/02\/Reunion-con-EECE-Ecoturismo-Cientifico-2-1-768x461.jpeg 768w, https:\/\/www.soyecoturista.com\/asociacion\/wp-content\/uploads\/2024\/02\/Reunion-con-EECE-Ecoturismo-Cientifico-2-1.jpeg 1199w\" sizes=\"auto, (max-width: 1024px) 100vw, 1024px\" \/><\/figure>\n\n\n\n<figure class=\"wp-block-image size-large\"><img loading=\"lazy\" decoding=\"async\" width=\"1024\" height=\"576\" data-id=\"43286\" src=\"https:\/\/www.soyecoturista.com\/asociacion\/wp-content\/uploads\/2024\/02\/Proyecto_EECE-1024x576.png\" alt=\"\" class=\"wp-image-43286\" srcset=\"https:\/\/www.soyecoturista.com\/asociacion\/wp-content\/uploads\/2024\/02\/Proyecto_EECE-1024x576.png 1024w, https:\/\/www.soyecoturista.com\/asociacion\/wp-content\/uploads\/2024\/02\/Proyecto_EECE-300x169.png 300w, https:\/\/www.soyecoturista.com\/asociacion\/wp-content\/uploads\/2024\/02\/Proyecto_EECE-768x432.png 768w, https:\/\/www.soyecoturista.com\/asociacion\/wp-content\/uploads\/2024\/02\/Proyecto_EECE.png 1280w\" sizes=\"auto, (max-width: 1024px) 100vw, 1024px\" \/><\/figure>\n<\/figure>\n\n\n\n<p><strong>Podcast Soy Ecoturista<\/strong><\/p>\n\n\n\n<p>Entre las novedades de 2023 y que contin\u00faa en 2024, la Asociaci\u00f3n de Ecoturismo en Espa\u00f1a ha destacado el <a href=\"https:\/\/www.soyecoturista.com\/asociacion\/podcast-soy-ecoturista\/\">p\u00f3dcast Soy Ecoturista<\/a> que, tras una primera temporada de 13 episodios centrados en Somiedo, acaba de comenzar una segunda temporada que nos lleva a conocer a nuevos anfitriones de empresas adheridas a Soy Ecoturista, esta vez en On\u00eds \u2013 Picos de Europa, gracias a los planes de sostenibilidad tur\u00edstica de estos destinos.<\/p>\n\n\n<div class=\"wp-block-image\">\n<figure class=\"aligncenter\"><img decoding=\"async\" src=\"https:\/\/soyecoturista.com\/wp-content\/uploads\/2024\/01\/prueba.png\" alt=\"\" class=\"wp-image-27238\"\/><\/figure>\n<\/div>\n\n\n<h3 class=\"wp-block-heading\"><strong>Ecoturismo en Biocultura A Coru\u00f1a<\/strong><\/h3>\n\n\n\n<p>La Asociaci\u00f3n de Ecoturismo en Espa\u00f1a tuvo la oportunidad de reunirse en FITUR con \u00c1ngeles Parra, directora de <a href=\"https:\/\/www.biocultura.org\/\" target=\"_blank\" rel=\"noreferrer noopener\">Biocultura<\/a>, de la mano de la Reserva de la Biosfera Mari\u00f1as Coru\u00f1esas, primer destino de Galicia en adherirse al club de producto Ecoturismo en Espa\u00f1a. Se identificaron posibilidades de colaboraci\u00f3n para impulsar la presencia del ecoturismo en esta feria de referencia de productos ecol\u00f3gicos y consumo responsable que cuenta ya con 40 a\u00f1os de trayectoria. En particular, se vio la posibilidad de empezar con la presencia de la Asociaci\u00f3n en la pr\u00f3xima edici\u00f3n de A Coru\u00f1a, que pone el acento en el ecoturismo y que contar\u00e1 con una importante presencia de la Reserva de la Biosfera Mari\u00f1as Coru\u00f1esas.<\/p>\n\n\n<div class=\"wp-block-image\">\n<figure class=\"aligncenter\"><img decoding=\"async\" src=\"https:\/\/soyecoturista.com\/wp-content\/uploads\/2024\/01\/Biocultura_Ecoturismo.jpg\" alt=\"\" class=\"wp-image-27199\"\/><\/figure>\n<\/div>\n\n\n<h3 class=\"wp-block-heading\"><strong>Reuni\u00f3n para impulsar el ecoturismo en Andaluc\u00eda<\/strong><\/h3>\n\n\n\n<p>La Secretaria General de Turismo de Andaluc\u00eda, Yolanda Aguilar, junto a Teresa Herrera, Delegada de Turismo de Huelva, mantuvo un encuentro en FITUR con la Asociaci\u00f3n de Ecoturismo en Espa\u00f1a y representantes de varias asociaciones de referencia, socias y colaboradoras de la AEE: Andaluc\u00eda Ecoactiva, Asociaci\u00f3n de Gu\u00edas de Naturaleza de Andaluc\u00eda, Red Andaluza de Centros de Educaci\u00f3n Ambiental (Red ONDAS), AETS Sierra de Aracena y Picos de Aroche, y AFCETS Sierra Nevada.<\/p>\n\n\n\n<p>Durante la reuni\u00f3n se pudo dar a conocer el club de producto Ecoturismo en Espa\u00f1a, su trayectoria, funcionamiento, representatividad y objetivos, en los que ya se cuenta con 6 destinos y m\u00e1s de 100 empresas de Andaluc\u00eda adheridas. As\u00ed como destacar que Espa\u00f1a es l\u00edder en biodiversidad y espacios protegidos en Europa, y que Andaluc\u00eda, con su potente red de espacios protegidos y su espectacular biodiversidad, podr\u00eda liderar este producto en Espa\u00f1a, existiendo una importante red de empresas en este sector con una larga trayectoria y reconocida profesionalidad, que interesar\u00eda incorporar al club de producto.<\/p>\n\n\n\n<p>El encuentro sirvi\u00f3 para acordar una pr\u00f3xima reuni\u00f3n que permita avanzar en la soluci\u00f3n de algunas de las necesidades ya identificadas en la <a href=\"https:\/\/foroecoturismoandalucia.es\/declaracion-de-aracena\/\" target=\"_blank\" rel=\"noreferrer noopener\">Declaraci\u00f3n de Aracena<\/a> para impulsar el ecoturismo en Andaluc\u00eda.<\/p>\n\n\n<div class=\"wp-block-image\">\n<figure class=\"aligncenter\"><img decoding=\"async\" src=\"https:\/\/soyecoturista.com\/wp-content\/uploads\/2024\/01\/Ecoturismo_Andalucia_FITUR-2024-1024x768.jpeg\" alt=\"\" class=\"wp-image-27200\"\/><\/figure>\n<\/div>\n\n\n<h2 class=\"wp-block-heading has-text-align-center\"><strong>Video de la presentaci\u00f3n del Club en FITUR 2024<\/strong><\/h2>\n\n\n\n<figure class=\"wp-block-embed is-type-video is-provider-youtube wp-block-embed-youtube wp-embed-aspect-16-9 wp-has-aspect-ratio\"><div class=\"wp-block-embed__wrapper\">\n<iframe loading=\"lazy\" title=\"Club Ecoturismo en Espa\u00f1a. Presentaci\u00f3n de novedades\" width=\"500\" height=\"281\" src=\"https:\/\/www.youtube.com\/embed\/-h10-cUcqgk?feature=oembed\" frameborder=\"0\" allow=\"accelerometer; autoplay; clipboard-write; encrypted-media; gyroscope; picture-in-picture; web-share\" referrerpolicy=\"strict-origin-when-cross-origin\" allowfullscreen><\/iframe>\n<\/div><\/figure>\n\n\n\n<h2 class=\"wp-block-heading has-text-align-center\"><strong>Soy Ecoturista \u00bfY t\u00fa?<\/strong><\/h2>\n\n\n\n<figure class=\"wp-block-embed is-type-video is-provider-youtube wp-block-embed-youtube wp-embed-aspect-16-9 wp-has-aspect-ratio\"><div class=\"wp-block-embed__wrapper\">\n<iframe loading=\"lazy\" title=\"Soy Ecoturista \u00bfY t\u00fa?\" width=\"500\" height=\"281\" src=\"https:\/\/www.youtube.com\/embed\/-dw7bmU50hs?feature=oembed\" frameborder=\"0\" allow=\"accelerometer; autoplay; clipboard-write; encrypted-media; gyroscope; picture-in-picture; web-share\" referrerpolicy=\"strict-origin-when-cross-origin\" allowfullscreen><\/iframe>\n<\/div><\/figure>\n\n\n\n<hr class=\"wp-block-separator has-alpha-channel-opacity\"\/>\n\n\n\n<p><strong>Sobre la Asociaci\u00f3n de Ecoturismo en Espa\u00f1a<\/strong><\/p>\n\n\n\n<p>La Asociaci\u00f3n de Ecoturismo en Espa\u00f1a (AEE) es una asociaci\u00f3n sin \u00e1nimo de lucro creada en 2010 para fomentar el turismo sostenible en los espacios protegidos y compuesta principalmente por asociaciones de empresarios de turismo ubicadas en espacios naturales, entidades gestoras de espacios naturales, administraciones p\u00fablicas implicadas en la gesti\u00f3n tur\u00edstica de \u00e9stos, entidades de innovaci\u00f3n (universidades, fundaciones), empresas de innovaci\u00f3n tur\u00edstica y tecnol\u00f3gica, y empresas tur\u00edsticas comprometidas con la conservaci\u00f3n y el desarrollo local.<\/p>\n\n\n\n<p>La AEE es la entidad que gestiona el club de producto Ecoturismo en Espa\u00f1a, uno de los clubes de producto tur\u00edsticos apoyados por la Secretar\u00eda de Estado de Turismo desde 2010. Es una iniciativa pionera que ofrece experiencias de ecoturismo en espacios naturales protegidos, garantizando al viajero su contribuci\u00f3n al desarrollo local y a la conservaci\u00f3n de la biodiversidad. Actualmente agrupa 41 destinos y m\u00e1s de 750 empresas que, bajo la marca SoyEcoturista, asumen su compromiso con el desarrollo sostenible.<\/p>\n","protected":false},"excerpt":{"rendered":"<p>Un a\u00f1o m\u00e1s, FITUR ha supuesto una cita clave para la Asociaci\u00f3n de Ecoturismo en Espa\u00f1a en la que ha presentado sus avances y principales novedades para 2024, as\u00ed como [&hellip;]<\/p>\n","protected":false},"author":2,"featured_media":42907,"comment_status":"closed","ping_status":"closed","sticky":false,"template":"","format":"standard","meta":{"_acf_changed":false,"footnotes":""},"categories":[4],"tags":[774,11,33,29,772,16],"class_list":["post-42902","post","type-post","status-publish","format-standard","has-post-thumbnail","hentry","category-noticias","tag-aee","tag-ecoturismo","tag-espacios-protegidos","tag-fitur","tag-marca","tag-naturaleza"],"acf":[],"_links":{"self":[{"href":"https:\/\/www.soyecoturista.com\/asociacion\/wp-json\/wp\/v2\/posts\/42902","targetHints":{"allow":["GET"]}}],"collection":[{"href":"https:\/\/www.soyecoturista.com\/asociacion\/wp-json\/wp\/v2\/posts"}],"about":[{"href":"https:\/\/www.soyecoturista.com\/asociacion\/wp-json\/wp\/v2\/types\/post"}],"author":[{"embeddable":true,"href":"https:\/\/www.soyecoturista.com\/asociacion\/wp-json\/wp\/v2\/users\/2"}],"replies":[{"embeddable":true,"href":"https:\/\/www.soyecoturista.com\/asociacion\/wp-json\/wp\/v2\/comments?post=42902"}],"version-history":[{"count":3,"href":"https:\/\/www.soyecoturista.com\/asociacion\/wp-json\/wp\/v2\/posts\/42902\/revisions"}],"predecessor-version":[{"id":43289,"href":"https:\/\/www.soyecoturista.com\/asociacion\/wp-json\/wp\/v2\/posts\/42902\/revisions\/43289"}],"wp:featuredmedia":[{"embeddable":true,"href":"https:\/\/www.soyecoturista.com\/asociacion\/wp-json\/wp\/v2\/media\/42907"}],"wp:attachment":[{"href":"https:\/\/www.soyecoturista.com\/asociacion\/wp-json\/wp\/v2\/media?parent=42902"}],"wp:term":[{"taxonomy":"category","embeddable":true,"href":"https:\/\/www.soyecoturista.com\/asociacion\/wp-json\/wp\/v2\/categories?post=42902"},{"taxonomy":"post_tag","embeddable":true,"href":"https:\/\/www.soyecoturista.com\/asociacion\/wp-json\/wp\/v2\/tags?post=42902"}],"curies":[{"name":"wp","href":"https:\/\/api.w.org\/{rel}","templated":true}]}}