{"id":42895,"date":"2024-01-25T15:18:06","date_gmt":"2024-01-25T14:18:06","guid":{"rendered":"https:\/\/www.soyecoturista.com\/asociacion\/?p=42895"},"modified":"2024-02-07T15:21:19","modified_gmt":"2024-02-07T14:21:19","slug":"seis-empresas-de-onis-se-adhieren-a-soy-ecoturista-y-se-suman-a-la-oferta-de-ecoturismo-en-picos-de-europa","status":"publish","type":"post","link":"https:\/\/www.soyecoturista.com\/asociacion\/seis-empresas-de-onis-se-adhieren-a-soy-ecoturista-y-se-suman-a-la-oferta-de-ecoturismo-en-picos-de-europa\/","title":{"rendered":"Seis empresas de On\u00eds se adhieren a Soy Ecoturista y se suman a la oferta de ecoturismo en Picos de Europa"},"content":{"rendered":"\n<p>El pasado mes de diciembre finaliz\u00f3 la asistencia t\u00e9cnica de la Asociaci\u00f3n de Ecoturismo en Espa\u00f1a para incorporar empresas tur\u00edsticas de On\u00eds al club de producto Ecoturismo en Espa\u00f1a y sumarse, as\u00ed, a la oferta ecotur\u00edstica en el destino de Picos de Europa.<\/p>\n\n\n\n<p>Un total de 6 empresas tur\u00edsticas del destino On\u00eds-Picos de Europa -1 empresas de actividades guiadas, 1 queser\u00eda y 4 alojamientos- han participado en varias acciones formativas y recibido el asesoramiento para el cumplimiento de los requisitos y atributos del club de producto Ecoturismo en Espa\u00f1a, una iniciativa para impulsar el ecoturismo y poner en valor los recursos e infraestructuras del Concejo de On\u00eds y Picos de Europa, y que se ha desarrollado en el marco del convenio con el ayuntamiento de On\u00eds con financiaci\u00f3n del Plan de Sostenibilidad Tur\u00edstica de On\u00eds \u201cEcoturismo en Picos de Europa\u201d.<\/p>\n\n\n\n<p>Estas empresas son: <a href=\"https:\/\/soyecoturista.com\/apartamentos-el-pedrayu\/\" target=\"_blank\" rel=\"noreferrer noopener\"><strong>Apartamentos El Pedrayu<\/strong><\/a><strong>, <a href=\"https:\/\/soyecoturista.com\/hotel-apartamentos-pena-santa\/\" target=\"_blank\" rel=\"noreferrer noopener\">Hotel Apartamentos Pe\u00f1a Santa<\/a>, <a href=\"https:\/\/soyecoturista.com\/hotel-el-rexacu\/\" target=\"_blank\" rel=\"noreferrer noopener\">Hotel El Rexacu<\/a>, <a href=\"https:\/\/soyecoturista.com\/refugio-vega-de-ario\/\" target=\"_blank\" rel=\"noreferrer noopener\">Refugio Vega de Ario<\/a>, <a href=\"https:\/\/soyecoturista.com\/casa-de-la-montana\/\" target=\"_blank\" rel=\"noreferrer noopener\">Casa de la Monta\u00f1a<\/a><\/strong> y <strong><a href=\"https:\/\/soyecoturista.com\/queseria-vega-de-ario\/\" target=\"_blank\" rel=\"noreferrer noopener\">Queser\u00eda Vega de Ario<\/a>.<\/strong><\/p>\n\n\n\n<p>Todas estas empresas han contado con una asistencia t\u00e9cnica individualizada para orientar a las empresas sobre la calidad del servicio y la sostenibilidad ambiental de su empresa, reforzando as\u00ed su compromiso con el ecoturismo para poner en valor los recursos naturales y culturales del territorio. De este modo, se suman a la oferta de ecoturismo del destino <a href=\"https:\/\/soyecoturista.com\/picos-de-europa\/\" target=\"_blank\" rel=\"noreferrer noopener\">Picos de Europa<\/a>, adherido al club de producto Ecoturismo en Espa\u00f1a en 2020 gracias al apoyo de Turismo Asturias, que ya cuenta con 17 empresas adheridas. Gracias a esta red de empresas especializadas en ecoturismo y comprometidas con su territorio, los visitantes pueden conocer y disfrutar de los valores naturales del Parque Nacional de los Picos de Europa, aprendiendo a apreciarlos, contribuyendo activamente a su conservaci\u00f3n y generando un impacto positivo en la poblaci\u00f3n local.<\/p>\n\n\n\n<p>Asimismo, se ha previsto una entrega de certificados a las empresas que tendr\u00e1 lugar pr\u00f3ximamente.&nbsp;<\/p>\n\n\n\n<h3 class=\"wp-block-heading\"><strong>Podcast de On\u00eds-Picos de Europa<\/strong><\/h3>\n\n\n\n<p>Entre las actuaciones del proyecto, se ha lanzado una temporada del podcast \u201cSoy Ecoturista\u201d dedicada a On\u00eds-Picos de Europa para dar a conocer las singularidades del destino, declarado Parque Nacional, Reserva de la Biosfera y Espacios Red Natura 2000, as\u00ed como a los anfitriones de las empresas que ofrecen experiencias de aut\u00e9ntico ecoturismo.&nbsp;<\/p>\n\n\n\n<p>El jueves 18 de enero se emiti\u00f3 el primer cap\u00edtulo, dedic\u00f3 a conocer On\u00eds-Picos de Europa de la mano de los representantes de la gesti\u00f3n y planificaci\u00f3n tur\u00edstica del destino, Rodrigo Su\u00e1rez, director conservador del Parque Nacional de los Picos de Europa, Clara Casanova gerente del Plan de Sostenibilidad Tur\u00edstica de On\u00eds y Ana Rodr\u00edguez, vicepresidenta de la Asociaci\u00f3n Ecopicos.&nbsp;<\/p>\n\n\n\n<p>Cada jueves a las 11:00h se retransmite en Radio Viajera una entrevista dedicada a las empresas tur\u00edsticas adheridas a Soy Ecoturista en On\u00eds-Picos de Europa. A esta iniciativa se le suman las empresas de <a href=\"https:\/\/soyecoturista.com\/casa-de-la-montana\/\" target=\"_blank\" rel=\"noreferrer noopener\">Casa de la Monta\u00f1a<\/a> y la <a href=\"https:\/\/soyecoturista.com\/fundacion-conservacion-quebrantahuesos\/\" target=\"_blank\" rel=\"noreferrer noopener\">Fundaci\u00f3n para la Conservaci\u00f3n del Quebrantahuesos<\/a>, ubicadas en el concejo de On\u00eds, ya adheridas al club de producto Ecoturismo en Espa\u00f1a.&nbsp;<\/p>\n\n\n\n<p>Todos los cap\u00edtulos est\u00e1n disponibles en las plataformas de <a href=\"https:\/\/radioviajera.com\/category\/programas\/viajes\/soy-ecoturista\/\" target=\"_blank\" rel=\"noreferrer noopener\">Radio Viajera<\/a>, <a href=\"https:\/\/open.spotify.com\/show\/5StIQwWZHrtDqpvH1PgbtT\" target=\"_blank\" rel=\"noreferrer noopener\">Spotify<\/a>, <a href=\"https:\/\/www.ivoox.com\/podcast-soy-ecoturista_sq_f12049480_1.html\" target=\"_blank\" rel=\"noreferrer noopener\">Ivoox<\/a> y <a href=\"https:\/\/podcasts.apple.com\/gb\/podcast\/soy-ecoturista\/id1694530612\" target=\"_blank\" rel=\"noreferrer noopener\">Apple podcast<\/a>.&nbsp;<\/p>\n\n\n\n<p>[kleo_button title=&#8221;Escuchar podcast&#8221; href=&#8221;<a href=\"https:\/\/soyecoturista.com\/podcast-soyecoturista\/\" target=\"_blank\" rel=\"noreferrer noopener\">https:\/\/soyecoturista.com\/podcast-soyecoturista\/<\/a>&#8221; style=&#8221;default&#8221; size=&#8221;large&#8221; ]<\/p>\n\n\n\n<p>\u201cSoy Ecoturista\u201d es el programa de podcast sobre Ecoturismo en Espa\u00f1a para descubrir lo mejor de nuestra naturaleza. A trav\u00e9s de las distintas temporadas llevaremos a los oyentes a descubrir espacios naturales protegidos de Espa\u00f1a de la mano de sus gestores y empresas que ofrecen experiencias de aut\u00e9ntico ecoturismo y que, adem\u00e1s, forman parte del club ecoturismo en Espa\u00f1a, una iniciativa que une a viajeros amantes de la naturaleza con empresas comprometidas con la conservaci\u00f3n de la biodiversidad y el desarrollo local sostenible en espacios naturales protegidos.<\/p>\n\n\n\n<p>En cada episodio se da voz a personas y proyectos inspiradores que trabajan en la primera l\u00ednea para la conservaci\u00f3n de la naturaleza y apoyo al desarrollo local de los lugares que habitan, ofreciendo aut\u00e9ntico ecoturismo a todos sus visitantes.<\/p>\n\n\n\n<hr class=\"wp-block-separator has-alpha-channel-opacity\"\/>\n\n\n\n<p><strong>Sobre la Asociaci\u00f3n de Ecoturismo en Espa\u00f1a<\/strong><\/p>\n\n\n\n<p>La Asociaci\u00f3n de Ecoturismo en Espa\u00f1a (AEE) es una asociaci\u00f3n sin \u00e1nimo de lucro creada en 2010 para fomentar el turismo sostenible en los espacios protegidos y compuesta principalmente por asociaciones de empresarios de turismo ubicadas en espacios naturales, entidades gestoras de espacios naturales, administraciones p\u00fablicas implicadas en la gesti\u00f3n tur\u00edstica de \u00e9stos, entidades de innovaci\u00f3n (universidades, fundaciones), empresas de innovaci\u00f3n tur\u00edstica y tecnol\u00f3gica, y empresas tur\u00edsticas comprometidas con la conservaci\u00f3n y el desarrollo local.<\/p>\n\n\n\n<p>La AEE es la entidad que gestiona el club de producto Ecoturismo en Espa\u00f1a, uno de los clubes de producto tur\u00edsticos apoyados por la Secretar\u00eda de Estado de Turismo desde 2010. Es una iniciativa pionera que ofrece experiencias de ecoturismo en espacios naturales protegidos, garantizando al viajero su contribuci\u00f3n al desarrollo local y a la conservaci\u00f3n de la biodiversidad. Actualmente agrupa 41 destinos y m\u00e1s de 750 empresas que, bajo la marca SoyEcoturista, asumen su compromiso con el desarrollo sostenible.<\/p>\n","protected":false},"excerpt":{"rendered":"<p>El pasado mes de diciembre finaliz\u00f3 la asistencia t\u00e9cnica de la Asociaci\u00f3n de Ecoturismo en Espa\u00f1a para incorporar empresas tur\u00edsticas de On\u00eds al club de producto Ecoturismo en Espa\u00f1a y [&hellip;]<\/p>\n","protected":false},"author":2,"featured_media":42896,"comment_status":"closed","ping_status":"closed","sticky":false,"template":"","format":"standard","meta":{"_acf_changed":false,"footnotes":""},"categories":[4],"tags":[11,33,16,766,768],"class_list":["post-42895","post","type-post","status-publish","format-standard","has-post-thumbnail","hentry","category-noticias","tag-ecoturismo","tag-espacios-protegidos","tag-naturaleza","tag-onis","tag-picos-de-europa"],"acf":[],"_links":{"self":[{"href":"https:\/\/www.soyecoturista.com\/asociacion\/wp-json\/wp\/v2\/posts\/42895","targetHints":{"allow":["GET"]}}],"collection":[{"href":"https:\/\/www.soyecoturista.com\/asociacion\/wp-json\/wp\/v2\/posts"}],"about":[{"href":"https:\/\/www.soyecoturista.com\/asociacion\/wp-json\/wp\/v2\/types\/post"}],"author":[{"embeddable":true,"href":"https:\/\/www.soyecoturista.com\/asociacion\/wp-json\/wp\/v2\/users\/2"}],"replies":[{"embeddable":true,"href":"https:\/\/www.soyecoturista.com\/asociacion\/wp-json\/wp\/v2\/comments?post=42895"}],"version-history":[{"count":1,"href":"https:\/\/www.soyecoturista.com\/asociacion\/wp-json\/wp\/v2\/posts\/42895\/revisions"}],"predecessor-version":[{"id":42897,"href":"https:\/\/www.soyecoturista.com\/asociacion\/wp-json\/wp\/v2\/posts\/42895\/revisions\/42897"}],"wp:featuredmedia":[{"embeddable":true,"href":"https:\/\/www.soyecoturista.com\/asociacion\/wp-json\/wp\/v2\/media\/42896"}],"wp:attachment":[{"href":"https:\/\/www.soyecoturista.com\/asociacion\/wp-json\/wp\/v2\/media?parent=42895"}],"wp:term":[{"taxonomy":"category","embeddable":true,"href":"https:\/\/www.soyecoturista.com\/asociacion\/wp-json\/wp\/v2\/categories?post=42895"},{"taxonomy":"post_tag","embeddable":true,"href":"https:\/\/www.soyecoturista.com\/asociacion\/wp-json\/wp\/v2\/tags?post=42895"}],"curies":[{"name":"wp","href":"https:\/\/api.w.org\/{rel}","templated":true}]}}