{"id":42892,"date":"2024-02-06T15:10:37","date_gmt":"2024-02-06T14:10:37","guid":{"rendered":"https:\/\/www.soyecoturista.com\/asociacion\/?p=42892"},"modified":"2024-02-21T12:22:18","modified_gmt":"2024-02-21T11:22:18","slug":"descubre-los-humedales-de-nuestros-destinos-ecoturistas","status":"publish","type":"post","link":"https:\/\/www.soyecoturista.com\/asociacion\/descubre-los-humedales-de-nuestros-destinos-ecoturistas\/","title":{"rendered":"Descubre los humedales de nuestros destinos ecoturistas"},"content":{"rendered":"\n<p>Desde Soy Ecoturista no queremos dejar de hablar del D\u00eda Mundial de los Humedales, que se celebr\u00f3 el pasado 2 de febrero bajo el lema \u201cLos humedales y el bienestar humano\u201d.&nbsp;<\/p>\n\n\n\n<p>Y es que en ocasiones no somos conscientes de la importancia de estos ecosistemas no s\u00f3lo para nuestro planeta sino tambi\u00e9n para nuestra salud. Porque los humedales no s\u00f3lo son ecosistemas vitales que nos dan agua, comida y protecci\u00f3n, sino que tambi\u00e9n nos inspiran, nos relajan y nos hacen sentir bien. Son como los pulmones de la Tierra, que limpian el aire, regulan el clima y almacenan carbono. Pero, adem\u00e1s, desde Soy Ecoturista no dudamos en afirmar que tambi\u00e9n son como el coraz\u00f3n de la humanidad, que nos conecta con la naturaleza, con nuestra cultura y con nuestra resiliencia.&nbsp;<\/p>\n\n\n\n<p>Por este motivo, en este post queremos animaros a que tom\u00e9is conciencia, apreci\u00e9is y actu\u00e9is en favor de estos ecosistemas maravillosos. Y si os est\u00e1is preguntando c\u00f3mo pod\u00e9is hacerlo, ya sab\u00e9is que nos gusta pon\u00e9roslo f\u00e1cil y por eso os invitamos a visitar alguno de los humedales que encuentras en los destinos Soy Ecoturista, y en los que podr\u00e9is participar en alguna actividad organizada. \u00a1Vamos, que nos vamos!<\/p>\n\n\n<div class=\"wp-block-image\">\n<figure class=\"aligncenter\"><img decoding=\"async\" src=\"https:\/\/soyecoturista.com\/wp-content\/uploads\/2024\/02\/Presa-de-Karrantan-3-2-scaled.jpg\" alt=\"\" class=\"wp-image-27256\"\/><\/figure>\n<\/div>\n\n\n<p>Nuestra primera parada por los humedales de los destinos Soy Ecoturistanos lleva a los <strong>Humedales de Apell\u00e1niz<\/strong>, en el <a href=\"https:\/\/soyecoturista.com\/otros-espacios-naturales-protegidos-euskadi\/#izki\" target=\"_blank\" rel=\"noreferrer noopener\"><strong>Parque Natural de Izki<\/strong><\/a>, en \u00c1lava, una extensa zona forestal recorrida por el r\u00edo Izki y bordeada por monta\u00f1as. All\u00ed, <a href=\"https:\/\/soyecoturista.com\/agroturismo-izarrate\/\" target=\"_blank\" rel=\"noreferrer noopener\"><strong>Agroturismo Izarrate<\/strong><\/a> Agroturismo Izarrate propone una experiencia diferenciadora, basada en el contacto en primera persona con el entorno y, en concreto, con los humedales de Apell\u00e1niz. Seg\u00fan nos cuenta su anfitri\u00f3n, Sergio Mart\u00ednez de Rituerto Ibisate, los peque\u00f1os grandes humedales de Apell\u00e1niz est\u00e1n conformados por tres peque\u00f1os reductos de agua: el pozo de los C\u00e1\u00f1amo, la presa de Karrant\u00e1n y la presa del Prao Grande, rodeados de bosques de casta\u00f1os y hayas. Estos peque\u00f1os para\u00edsos acu\u00e1ticos son fundamentales para la prosperidad de la fauna y flora que dependen del agua. Mientras ascendemos por el camino desde el front\u00f3n de Apell\u00e1niz hacia Karrant\u00e1n, serpenteamos entre bloques de roca arenisca. En el cielo, el \u00e1guila real, el halc\u00f3n peregrino, el alimoche y el buitre sobrevuelan el bosque, y entre las aves de la zona destaca el pico mediano, un peque\u00f1o p\u00e1jaro carpintero que ha encontrado en el marojal su refugio, formando una de las poblaciones m\u00e1s importantes de la pen\u00ednsula. Cruzando un cierre, encontramos el pozo de Los C\u00e1\u00f1amos, una poza rodeada de juncos que atrae a ranas y lib\u00e9lulas y, siguiendo la antigua conducci\u00f3n de agua, llegamos a la presa de Karrant\u00e1n, un embalse rehabilitado para murci\u00e9lagos y ranas, con colonias de plantas carn\u00edvoras. Tomando el camino a la derecha desde la presa, llegamos a la presa del Prao Grande, otro peque\u00f1o embalse con hayas reflejadas en sus aguas y cangrejos aut\u00f3ctonos. El recorrido de regreso al n\u00facleo urbano, entre rocas y simas, ofrece un espect\u00e1culo natural en cualquier \u00e9poca del a\u00f1o. Tiene buena pinta \u00bfverdad?<\/p>\n\n\n<div class=\"wp-block-image\">\n<figure class=\"aligncenter\"><img decoding=\"async\" src=\"https:\/\/soyecoturista.com\/wp-content\/uploads\/2024\/02\/WhatsApp-Image-2024-01-25-at-09.59.02-1.jpeg\" alt=\"\" class=\"wp-image-27257\"\/><\/figure>\n<\/div>\n\n\n<p>Por ahora nos quedamos en el Pa\u00eds Vasco, pero nos vamos a la provincia de Vitoria y, en concreto a descubrir el Humedal de Salburua, un humedal con enorme biodiversidad y para\u00edso ornitol\u00f3gico englobado en la Red Natura 2000. Salburua, con sus m\u00e1s de 200 hect\u00e1reas, fue recuperado en 1994 de terrenos que, desde el siglo XIX, se destinaban a la agricultura. El agua ha regresado a la superficie, transformando la zona cercana a la ciudad de Vitoria. Este espacio alberga emblem\u00e1ticos animales como el escaso vis\u00f3n europeo, considerado el s\u00edmbolo de este entorno natural, la rana \u00e1gil, presente en pocas zonas h\u00famedas de \u00c1lava y Navarra, as\u00ed como la esp\u00e1tula y el aguilucho lagunero. La empresa <a href=\"https:\/\/soyecoturista.com\/guiartu\/\" target=\"_blank\" rel=\"noreferrer noopener\"><strong>Guiartu<\/strong><\/a> incluye este humedal en una de sus actividades en bicicleta que, durante dos horas y media y 12 kil\u00f3metros, te llevar\u00e1 por el anillo verde de Vitoria. En la parada el centro de interpretaci\u00f3n Ataria en Salburua te situar\u00e1n en el entorno y en su historia, pudiendo descubrir los diferentes usos que tuvo este acu\u00edfero del cuaternario y su proceso evolutivo. Adem\u00e1s, observar\u00e1s la fauna y flora desde dos observatorios (Las Zumas y Los Fresnos) con la ayuda de prism\u00e1ticos y un telescopio para que no pierdas detalle.<\/p>\n\n\n<div class=\"wp-block-image\">\n<figure class=\"aligncenter\"><img decoding=\"async\" src=\"https:\/\/soyecoturista.com\/wp-content\/uploads\/2024\/02\/Laguna-de-Sobrado-galinola.jpg\" alt=\"\" class=\"wp-image-27258\"\/><\/figure>\n<\/div>\n\n\n<p>Del Pa\u00eds Vasco nos vamos hasta <a href=\"https:\/\/soyecoturista.com\/marinas-corunesas-e-terras-do-mandeo\/\" target=\"_blank\" rel=\"noreferrer noopener\"><strong>Mari\u00f1as Coru\u00f1esas<\/strong><\/a> en Galicia. All\u00ed, la empresa <a href=\"https:\/\/soyecoturista.com\/pobo-aventura\/\" target=\"_blank\" rel=\"noreferrer noopener\"><strong>Pobo Aventura<\/strong><\/a>, especializada en turismo de naturaleza y ocio educativo, nos propone una actividad para conocer y disfrutar de <strong>La Laguna de Sobrado<\/strong>, uno de los humedales m\u00e1s importantes de Galicia. La actividad, que tiene una duraci\u00f3n de entre una y dos horas, consiste en un paseo a lo largo de la laguna con narraci\u00f3n hist\u00f3rica, seguido de la observaci\u00f3n e identificaci\u00f3n de diversas especies. As\u00ed, podr\u00e1s explorar la laguna de Sobrado, construida entre 1500 y 1530 por monjes que represaron las aguas de los arroyos que alimentan el r\u00edo Tambre. Este humedal no solo facilita el paso de aves migratorias y les brinda refugio invernal, sino que tambi\u00e9n marca el inicio del corredor ecol\u00f3gico del r\u00edo Tambre y conecta con la cuenca del r\u00edo Mandeo. Desde el punto de vista bot\u00e1nico, la laguna es un tesoro de importancia europea debido a la diversidad de su flora. En invierno, las aves acu\u00e1ticas, especialmente los \u00e1nades azulones y las cercetas, forman impresionantes bandadas, destacando la importancia regional para la cerceta com\u00fan y la focha com\u00fan. Despu\u00e9s de cinco siglos, la laguna se ha naturalizado, rodeada de prados y un bosque caducifolio de abedules, alisos, fresnos, robles y sa\u00facos, hogar de escribanos y mosquiteros, y en el agua, los nen\u00fafares y las espigas de agua crean extensas masas flotantes en verano. \u00a1Todo un espect\u00e1culo!<\/p>\n\n\n<div class=\"wp-block-image\">\n<figure class=\"aligncenter\"><img decoding=\"async\" src=\"https:\/\/soyecoturista.com\/wp-content\/uploads\/2024\/02\/IMG_20201201_095225-scaled.jpg\" alt=\"\" class=\"wp-image-27259\"\/><\/figure>\n<\/div>\n\n\n<p>Y, como <em>bonus track<\/em> os vamos a hacer una \u00faltima propuesta, que nos llevar\u00e1 hasta el <a href=\"https:\/\/soyecoturista.com\/geoparque-de-villuercas-ibores-jara\/\" target=\"_blank\" rel=\"noreferrer noopener\"><strong>Geoparque de Villuercas, Ibores, Jara<\/strong><\/a> en Extremadura. Vaya por delante indicar que no se trata en concreto de un humedal, pero en esta ocasi\u00f3n lo hemos incluido porque queremos destacar la importante labor que realizan las empresas y empresarios adheridos a Soy Ecoturista para poner en valor el agua y el esfuerzo que realizan por cuidar la biodiversidad. As\u00ed, desde el agroturismo <a href=\"https:\/\/soyecoturista.com\/agroturismo-en-casa-las-lucias\/\" target=\"_blank\" rel=\"noreferrer noopener\"><strong>Casa Las Luc\u00edas<\/strong><\/a> proponen disfrutar de una experiencia ecoturista \u00fanica, aloj\u00e1ndote y paseando por su granja, donde promueven la biodiversidad, especialmente la de los anfibios. Y para ello te llevar\u00e1n a las charcas en las que encontrar\u00e1s una interesant\u00edsima y variada poblaci\u00f3n de anfibios que, adem\u00e1s, atraen a aves majestuosas como la garza real o el imponente \u00e1guila culebrera. Podr\u00e1s ver salamandras, gallipatos, tritones pigmeo e ib\u00e9rico, rana com\u00fan, ranitas de San Ant\u00f3n y meridional, culebra de agua, sapos com\u00fan y corredor&#8230; Y es que en Las Luc\u00edas, preocupados por el declive global de los anfibios, han creado un aut\u00e9ntico para\u00edso para protegerlos, adem\u00e1s de colaborar con organismos como la Fundaci\u00f3n FIRE (Fundaci\u00f3n Internacional para la Restauraci\u00f3n de Ecosistemas), contribuyendo a la creaci\u00f3n y protecci\u00f3n de charcas.<\/p>\n\n\n\n<p>Esperamos que os anim\u00e9is a visitar alguno de estos humedales y pod\u00e1is verlos en primera persona y reconocer su valor y la importancia de cuidarlos como se merecen. Porque los humedales son vida, y la vida es lo m\u00e1s importante.&nbsp;<\/p>\n","protected":false},"excerpt":{"rendered":"<p>Desde Soy Ecoturista no queremos dejar de hablar del D\u00eda Mundial de los Humedales, que se celebr\u00f3 el pasado 2 de febrero bajo el lema \u201cLos humedales y el bienestar [&hellip;]<\/p>\n","protected":false},"author":2,"featured_media":42893,"comment_status":"closed","ping_status":"closed","sticky":false,"template":"","format":"standard","meta":{"_acf_changed":false,"footnotes":""},"categories":[3],"tags":[39,758,760,762,131,764,172],"class_list":["post-42892","post","type-post","status-publish","format-standard","has-post-thumbnail","hentry","category-blog","tag-soyecoturista","tag-geoparque-de-villuercas","tag-humedales","tag-ibores-y-jara","tag-marinas-corunesas-es","tag-parque-natural-de-izki","tag-soy-ecoturista"],"acf":[],"_links":{"self":[{"href":"https:\/\/www.soyecoturista.com\/asociacion\/wp-json\/wp\/v2\/posts\/42892","targetHints":{"allow":["GET"]}}],"collection":[{"href":"https:\/\/www.soyecoturista.com\/asociacion\/wp-json\/wp\/v2\/posts"}],"about":[{"href":"https:\/\/www.soyecoturista.com\/asociacion\/wp-json\/wp\/v2\/types\/post"}],"author":[{"embeddable":true,"href":"https:\/\/www.soyecoturista.com\/asociacion\/wp-json\/wp\/v2\/users\/2"}],"replies":[{"embeddable":true,"href":"https:\/\/www.soyecoturista.com\/asociacion\/wp-json\/wp\/v2\/comments?post=42892"}],"version-history":[{"count":2,"href":"https:\/\/www.soyecoturista.com\/asociacion\/wp-json\/wp\/v2\/posts\/42892\/revisions"}],"predecessor-version":[{"id":43401,"href":"https:\/\/www.soyecoturista.com\/asociacion\/wp-json\/wp\/v2\/posts\/42892\/revisions\/43401"}],"wp:featuredmedia":[{"embeddable":true,"href":"https:\/\/www.soyecoturista.com\/asociacion\/wp-json\/wp\/v2\/media\/42893"}],"wp:attachment":[{"href":"https:\/\/www.soyecoturista.com\/asociacion\/wp-json\/wp\/v2\/media?parent=42892"}],"wp:term":[{"taxonomy":"category","embeddable":true,"href":"https:\/\/www.soyecoturista.com\/asociacion\/wp-json\/wp\/v2\/categories?post=42892"},{"taxonomy":"post_tag","embeddable":true,"href":"https:\/\/www.soyecoturista.com\/asociacion\/wp-json\/wp\/v2\/tags?post=42892"}],"curies":[{"name":"wp","href":"https:\/\/api.w.org\/{rel}","templated":true}]}}