{"id":42116,"date":"2023-11-16T10:37:05","date_gmt":"2023-11-16T09:37:05","guid":{"rendered":"https:\/\/www.soyecoturismo.com\/asociacion\/?p=42116"},"modified":"2023-12-04T16:03:08","modified_gmt":"2023-12-04T15:03:08","slug":"escapadas-2022","status":"publish","type":"post","link":"https:\/\/www.soyecoturista.com\/asociacion\/escapadas-2022\/","title":{"rendered":"Escapadas 2022"},"content":{"rendered":"<h2>Vive la naturaleza<\/h2>\n<div>\n<p>Vive experiencias de aut\u00e9ntico ecoturismo y recorre espacios naturales protegidos emblem\u00e1ticos de Espa\u00f1a. Disfruta de tu tiempo libre de la forma que m\u00e1s te gusta, en plena naturaleza en los m\u00e1s espectaculares espacios protegidos de Espa\u00f1a bajo los principios del ecoturismo, con este Cat\u00e1logo de Escapadas 2022 en el que podr\u00e1s encontrar:<\/p>\n<ul>\n<li><strong>60 escapadas<\/strong><\/li>\n<li><strong>7 meses para disfrutar: junio \u2013 diciembre<\/strong><\/li>\n<li><strong>24 espacios protegidos emblem\u00e1ticos de Espa\u00f1a<br \/><\/strong><\/li>\n<\/ul>\n<p><strong>Podr\u00e1s navegar a trav\u00e9s del cat\u00e1logo con los enlaces interactivos que permiten moverse con facilidad desde sus dos \u00edndices: por destinos y por fechas, y volver c\u00f3modamente al \u00edndice general directamente desde el final de cada ficha de escapada.<\/strong><\/p>\n<h3><span>Con estas experiencias est\u00e1s apoyando la conservaci\u00f3n de la biodiversidad y la econom\u00eda local<\/span><\/h3>\n<\/div>\n<div>\n<a class=\"fullscreen-mode\" href=\"#page=\" target=\"_blank\">Ver en pantalla completa<\/a><br><iframe loading=\"lazy\" width=\"100%\" height=\"600\" src=\"#page=\" title=\"\"><\/iframe>\n<\/div>\n<p>\n    <a href=\"\/asociacion\/wp-content\/uploads\/2019\/06\/Catalogo-Escapadas-Club-Ecoturismo-2022-1.pdf\">Descargar cat\u00e1logo PDF (30Mb)<\/a>\n<\/p>\n<div>\n<div class=\"vc_icon_element vc_icon_element-outer vc_icon_element-align-center vc_icon_element-have-style\">\n<div class=\"vc_icon_element-inner vc_icon_element-color-white vc_icon_element-have-style-inner vc_icon_element-size-lg vc_icon_element-style-rounded vc_icon_element-background vc_icon_element-background-color-green\"><span class=\"vc_icon_element-icon fas fa-mountain\"><\/span><\/div>\n<\/div>\n<\/div>\n<h2>Elige tu escapada<\/h2>\n<div>\n<p>En grupos reducidos. Para todo tipo de viajeros. Ofrecidas por empresas adheridas al Club Ecoturismo en Espa\u00f1a. Organizadas por agencias de viajes comprometidas con la conservaci\u00f3n y el desarrollo local.<\/p>\n<\/div>\n<div>\n<div class=\"vc_icon_element vc_icon_element-outer vc_icon_element-align-center vc_icon_element-have-style\">\n<div class=\"vc_icon_element-inner vc_icon_element-color-green vc_icon_element-have-style-inner vc_icon_element-size-lg vc_icon_element-style-rounded vc_icon_element-background vc_icon_element-background-color-white\"><span class=\"vc_icon_element-icon far fa-check-square\"><\/span><\/div>\n<\/div>\n<\/div>\n<h2>Haz tu reserva<\/h2>\n<div>\n<p>Precio de referencia indicado es por persona y en habitaci\u00f3n doble compartida. Las reservas se realizan directamente con la agencia. Para cualquier cambio de fechas, opci\u00f3n de otro alojamiento y otras peticiones, consulta con la agencia. Todas las escapadas incluyen los seguros obligatorios de responsabilidad civil y accidentes.<\/p>\n<\/div>\n<p><img decoding=\"async\" src=\"\/asociacion\/wp-content\/uploads\/2023\/11\/mapaweb-2048x1580-1.jpg\" alt=\"Mapa Espa\u00f1a\"><\/p>\n<div>\n<ul>\n<li>Las reservas se realizan directamente con la agencia, sus datos de contacto se indican en cada escapada.<\/li>\n<li>Para cualquier cambio de fechas, opci\u00f3n de alojamiento u otras peticiones, s\u00f3lo tienes consultar a la agencia.<\/li>\n<\/ul>\n<\/div>\n<p>\n    <a href=\"\/asociacion\/wp-content\/uploads\/2023\/11\/Catalogo2021_Club_Ecoturismo.pdf\">Descargar Cat\u00e1logo en PDF (25Mb)<\/a>\n<\/p>\n<h2>\u00bfQu\u00e9 espacios naturales puedes descubrir?<\/h2>\n<div>\n<ol>\n<li>Mari\u00f1as Coru\u00f1esas<\/li>\n<li>Fuentes del Narcea<\/li>\n<li>Somiedo<\/li>\n<li>Redes<\/li>\n<li>Picos de Europa<\/li>\n<li>Urdaibai<\/li>\n<li>Costa Vasca<\/li>\n<li>Sobrarbe \u2013 Pirineos<\/li>\n<li>La Garrotxa<\/li>\n<li>Delta del Ebro<\/li>\n<li>Menorca<\/li>\n<li>Molina \u2013 Alto Tajo<\/li>\n<li>Villuercas, Ibores, Jara<\/li>\n<li>Campana de Oropesa<\/li>\n<li>Caba\u00f1eros<\/li>\n<li>Tablas de Daimiel<\/li>\n<li>Sierra de Aracena y Picos de Aroche<\/li>\n<li>Subb\u00e9tica<\/li>\n<li>Sierras de Cazorla, Segura y las Villas<\/li>\n<li>Sierra Nevada<\/li>\n<li>Sierra Espu\u00f1a<\/li>\n<li>La Palma<\/li>\n<li>La Gomera<\/li>\n<li>Lanzarote<\/li>\n<\/ol>\n<\/div>\n<p><!--more--><br \/>\n<!-- {\"type\":\"layout\",\"children\":[{\"type\":\"section\",\"props\":{\"image_position\":\"center-center\",\"image_size\":\"cover\",\"style\":\"primary\",\"title_breakpoint\":\"xl\",\"title_position\":\"top-left\",\"title_rotation\":\"left\",\"vertical_align\":\"middle\",\"width\":\"default\"},\"children\":[{\"type\":\"row\",\"children\":[{\"type\":\"column\",\"props\":{\"image_position\":\"center-center\",\"position_sticky_breakpoint\":\"m\"},\"children\":[{\"type\":\"headline\",\"props\":{\"css\":\".el-element{background-color: #9ebc30;float:left;padding: 5px;}\",\"title_element\":\"h1\"},\"source\":{\"query\":{\"name\":\"posts.singlePost\"},\"props\":{\"content\":{\"filters\":{\"search\":\"\"},\"name\":\"title\"}}}}]}]}],\"source\":{\"query\":{\"name\":\"posts.singlePost\"},\"props\":{\"image\":{\"filters\":{\"search\":\"\"},\"name\":\"featuredImage.url\"}}}},{\"type\":\"section\",\"props\":{\"image_position\":\"center-center\",\"style\":\"default\",\"title_breakpoint\":\"xl\",\"title_position\":\"top-left\",\"title_rotation\":\"left\",\"vertical_align\":\"middle\",\"width\":\"default\"},\"children\":[{\"type\":\"row\",\"props\":{\"layout\":\"1-2,1-2\"},\"children\":[{\"type\":\"column\",\"props\":{\"image_position\":\"center-center\",\"position_sticky_breakpoint\":\"m\",\"width_medium\":\"1-2\"},\"children\":[{\"type\":\"headline\",\"props\":{\"content\":\"Vive la naturaleza\",\"title_element\":\"h2\"}},{\"type\":\"text\",\"props\":{\"column_breakpoint\":\"m\",\"content\":\"\n\n<p>Vive experiencias de aut\\u00e9ntico ecoturismo y recorre espacios naturales protegidos emblem\\u00e1ticos de Espa\\u00f1a. Disfruta de tu tiempo libre de la forma que m\\u00e1s te gusta, en plena naturaleza en los m\\u00e1s espectaculares espacios protegidos de Espa\\u00f1a bajo los principios del ecoturismo, con este Cat\\u00e1logo de Escapadas 2022 en el que podr\\u00e1s encontrar:<\\\/p>\\n\n\n<ul>\\n\n\n<li><strong>60 escapadas<\\\/strong><\\\/li>\\n\n\n<li><strong>7 meses para disfrutar: junio \\u2013 diciembre<\\\/strong><\\\/li>\\n\n\n<li><strong>24 espacios protegidos emblem\\u00e1ticos de Espa\\u00f1a<br \\\/><\\\/strong><\\\/li>\\n<\\\/ul>\\n\n\n<p><strong>Podr\\u00e1s navegar a trav\\u00e9s del cat\\u00e1logo con los enlaces interactivos que permiten moverse con facilidad desde sus dos \\u00edndices: por destinos y por fechas, y volver c\\u00f3modamente al \\u00edndice general directamente desde el final de cada ficha de escapada.<\\\/strong><\\\/p>\\n\n\n<h3><span>Con estas experiencias est\\u00e1s apoyando la conservaci\\u00f3n de la biodiversidad y la econom\\u00eda local<\\\/span><\\\/h3>\",\"margin\":\"default\"}}]},{\"type\":\"column\",\"props\":{\"image_position\":\"center-center\",\"position_sticky_breakpoint\":\"m\",\"width_medium\":\"1-2\"},\"children\":[{\"type\":\"html\",\"props\":{\"content\":\"[pvfw-embed viewer_id='42112' width='100%' height='600' iframe_title='' page='']\\n\"}},{\"type\":\"button\",\"props\":{\"grid_column_gap\":\"small\",\"grid_row_gap\":\"small\",\"margin\":\"default\",\"text_align\":\"center\"},\"children\":[{\"type\":\"button_item\",\"props\":{\"button_style\":\"default\",\"content\":\"Descargar cat\\u00e1logo PDF (30Mb)\",\"icon_align\":\"left\",\"link\":\"wp-content\\\/uploads\\\/2019\\\/06\\\/Catalogo-Escapadas-Club-Ecoturismo-2022-1.pdf\"}}]}]}]}]},{\"type\":\"section\",\"props\":{\"image_position\":\"center-center\",\"style\":\"default\",\"title_breakpoint\":\"xl\",\"title_position\":\"top-left\",\"title_rotation\":\"left\",\"vertical_align\":\"middle\",\"width\":\"\"},\"children\":[{\"type\":\"row\",\"props\":{\"column_gap\":\"collapse\",\"layout\":\"1-2,1-2\"},\"children\":[{\"type\":\"column\",\"props\":{\"image_position\":\"center-center\",\"position_sticky_breakpoint\":\"m\",\"style\":\"tile-muted\",\"width_medium\":\"1-2\"},\"children\":[{\"type\":\"html\",\"props\":{\"content\":\"\n\n<div class=\\\"vc_icon_element vc_icon_element-outer vc_icon_element-align-center vc_icon_element-have-style\\\">\n\n<div class=\\\"vc_icon_element-inner vc_icon_element-color-white vc_icon_element-have-style-inner vc_icon_element-size-lg vc_icon_element-style-rounded vc_icon_element-background vc_icon_element-background-color-green\\\"><span class=\\\"vc_icon_element-icon fas fa-mountain\\\"><\\\/span><\\\/div><\\\/div>\"}},{\"type\":\"headline\",\"props\":{\"content\":\"Elige tu escapada\",\"text_align\":\"center\",\"title_element\":\"h2\"}},{\"type\":\"text\",\"props\":{\"column_breakpoint\":\"m\",\"content\":\"\n\n<p>En grupos reducidos. Para todo tipo de viajeros. Ofrecidas por empresas adheridas al Club Ecoturismo en Espa\\u00f1a. Organizadas por agencias de viajes comprometidas con la conservaci\\u00f3n y el desarrollo local.<\\\/p>\",\"margin\":\"default\",\"text_align\":\"center\"}}]},{\"type\":\"column\",\"props\":{\"image_position\":\"center-center\",\"position_sticky_breakpoint\":\"m\",\"style\":\"tile-primary\",\"width_medium\":\"1-2\"},\"children\":[{\"type\":\"html\",\"props\":{\"content\":\"\n\n<div class=\\\"vc_icon_element vc_icon_element-outer vc_icon_element-align-center vc_icon_element-have-style\\\">\n\n<div class=\\\"vc_icon_element-inner vc_icon_element-color-green vc_icon_element-have-style-inner vc_icon_element-size-lg vc_icon_element-style-rounded vc_icon_element-background vc_icon_element-background-color-white\\\"><span class=\\\"vc_icon_element-icon far fa-check-square\\\"><\\\/span><\\\/div><\\\/div>\"}},{\"type\":\"headline\",\"props\":{\"content\":\"Haz tu reserva\",\"text_align\":\"center\",\"title_element\":\"h2\"}},{\"type\":\"text\",\"props\":{\"column_breakpoint\":\"m\",\"content\":\"\n\n<p>Precio de referencia indicado es por persona y en habitaci\\u00f3n doble compartida. Las reservas se realizan directamente con la agencia. Para cualquier cambio de fechas, opci\\u00f3n de otro alojamiento y otras peticiones, consulta con la agencia. Todas las escapadas incluyen los seguros obligatorios de responsabilidad civil y accidentes.<\\\/p>\",\"margin\":\"default\",\"text_align\":\"center\"}}]}]}]},{\"type\":\"section\",\"props\":{\"image_position\":\"center-center\",\"style\":\"default\",\"title_breakpoint\":\"xl\",\"title_position\":\"top-left\",\"title_rotation\":\"left\",\"vertical_align\":\"middle\",\"width\":\"default\"},\"children\":[{\"type\":\"row\",\"props\":{\"layout\":\"1-2,1-2\"},\"children\":[{\"type\":\"column\",\"props\":{\"image_position\":\"center-center\",\"position_sticky_breakpoint\":\"m\",\"width_medium\":\"1-2\"},\"children\":[{\"type\":\"image\",\"props\":{\"image\":\"wp-content\\\/uploads\\\/2023\\\/11\\\/mapaweb-2048x1580-1.jpg\",\"image_alt\":\"Mapa Espa\\u00f1a\",\"image_svg_color\":\"emphasis\",\"margin\":\"default\"}},{\"type\":\"text\",\"props\":{\"column_breakpoint\":\"m\",\"content\":\"\n\n<ul>\\n\n\n<li>Las reservas se realizan directamente con la agencia, sus datos de contacto se indican en cada escapada.<\\\/li>\\n\n\n<li>Para cualquier cambio de fechas, opci\\u00f3n de alojamiento u otras peticiones, s\\u00f3lo tienes consultar a la agencia.<\\\/li>\\n<\\\/ul>\",\"margin\":\"default\"}},{\"type\":\"button\",\"props\":{\"grid_column_gap\":\"small\",\"grid_row_gap\":\"small\",\"margin\":\"default\"},\"children\":[{\"type\":\"button_item\",\"props\":{\"button_style\":\"default\",\"content\":\"Descargar Cat\\u00e1logo en PDF (25Mb)\",\"icon_align\":\"left\",\"link\":\"wp-content\\\/uploads\\\/2023\\\/11\\\/Catalogo2021_Club_Ecoturismo.pdf\",\"link_target\":\"blank\"}}]}]},{\"type\":\"column\",\"props\":{\"image_position\":\"center-center\",\"position_sticky_breakpoint\":\"m\",\"width_medium\":\"1-2\"},\"children\":[{\"type\":\"headline\",\"props\":{\"content\":\"\\u00bfQu\\u00e9 espacios naturales puedes descubrir?\",\"title_element\":\"h2\"}},{\"type\":\"text\",\"props\":{\"column_breakpoint\":\"m\",\"content\":\"\n\n<ol>\\n\n\n<li>Mari\\u00f1as Coru\\u00f1esas<\\\/li>\\n\n\n<li>Fuentes del Narcea<\\\/li>\\n\n\n<li>Somiedo<\\\/li>\\n\n\n<li>Redes<\\\/li>\\n\n\n<li>Picos de Europa<\\\/li>\\n\n\n<li>Urdaibai<\\\/li>\\n\n\n<li>Costa Vasca<\\\/li>\\n\n\n<li>Sobrarbe \\u2013 Pirineos<\\\/li>\\n\n\n<li>La Garrotxa<\\\/li>\\n\n\n<li>Delta del Ebro<\\\/li>\\n\n\n<li>Menorca<\\\/li>\\n\n\n<li>Molina \\u2013 Alto Tajo<\\\/li>\\n\n\n<li>Villuercas, Ibores, Jara<\\\/li>\\n\n\n<li>Campana de Oropesa<\\\/li>\\n\n\n<li>Caba\\u00f1eros<\\\/li>\\n\n\n<li>Tablas de Daimiel<\\\/li>\\n\n\n<li>Sierra de Aracena y Picos de Aroche<\\\/li>\\n\n\n<li>Subb\\u00e9tica<\\\/li>\\n\n\n<li>Sierras de Cazorla, Segura y las Villas<\\\/li>\\n\n\n<li>Sierra Nevada<\\\/li>\\n\n\n<li>Sierra Espu\\u00f1a<\\\/li>\\n\n\n<li>La Palma<\\\/li>\\n\n\n<li>La Gomera<\\\/li>\\n\n\n<li>Lanzarote<\\\/li>\\n<\\\/ol>\",\"margin\":\"default\"}}]}]}]}],\"version\":\"4.0.13\",\"yooessentialsVersion\":\"2.0.17\"} --><\/p>\n","protected":false},"excerpt":{"rendered":"<p>Vive la naturaleza Vive experiencias de aut\u00e9ntico ecoturismo y recorre espacios naturales protegidos emblem\u00e1ticos de Espa\u00f1a. Disfruta de tu tiempo libre de la forma que m\u00e1s te gusta, en plena [&hellip;]<\/p>\n","protected":false},"author":2,"featured_media":42238,"comment_status":"open","ping_status":"open","sticky":false,"template":"","format":"standard","meta":{"_acf_changed":false,"footnotes":""},"categories":[68],"tags":[],"class_list":["post-42116","post","type-post","status-publish","format-standard","has-post-thumbnail","hentry","category-sin-categoria-es"],"acf":[],"_links":{"self":[{"href":"https:\/\/www.soyecoturista.com\/asociacion\/wp-json\/wp\/v2\/posts\/42116","targetHints":{"allow":["GET"]}}],"collection":[{"href":"https:\/\/www.soyecoturista.com\/asociacion\/wp-json\/wp\/v2\/posts"}],"about":[{"href":"https:\/\/www.soyecoturista.com\/asociacion\/wp-json\/wp\/v2\/types\/post"}],"author":[{"embeddable":true,"href":"https:\/\/www.soyecoturista.com\/asociacion\/wp-json\/wp\/v2\/users\/2"}],"replies":[{"embeddable":true,"href":"https:\/\/www.soyecoturista.com\/asociacion\/wp-json\/wp\/v2\/comments?post=42116"}],"version-history":[{"count":24,"href":"https:\/\/www.soyecoturista.com\/asociacion\/wp-json\/wp\/v2\/posts\/42116\/revisions"}],"predecessor-version":[{"id":42433,"href":"https:\/\/www.soyecoturista.com\/asociacion\/wp-json\/wp\/v2\/posts\/42116\/revisions\/42433"}],"wp:featuredmedia":[{"embeddable":true,"href":"https:\/\/www.soyecoturista.com\/asociacion\/wp-json\/wp\/v2\/media\/42238"}],"wp:attachment":[{"href":"https:\/\/www.soyecoturista.com\/asociacion\/wp-json\/wp\/v2\/media?parent=42116"}],"wp:term":[{"taxonomy":"category","embeddable":true,"href":"https:\/\/www.soyecoturista.com\/asociacion\/wp-json\/wp\/v2\/categories?post=42116"},{"taxonomy":"post_tag","embeddable":true,"href":"https:\/\/www.soyecoturista.com\/asociacion\/wp-json\/wp\/v2\/tags?post=42116"}],"curies":[{"name":"wp","href":"https:\/\/api.w.org\/{rel}","templated":true}]}}