{"id":41952,"date":"2023-10-21T17:03:15","date_gmt":"2023-10-21T15:03:15","guid":{"rendered":"https:\/\/www.soyecoturismo.com\/asociacion\/?p=41952"},"modified":"2023-11-08T17:07:08","modified_gmt":"2023-11-08T16:07:08","slug":"la-asociacion-de-ecoturismo-en-espana-presente-en-el-hic-summit-2023-ibiza","status":"publish","type":"post","link":"https:\/\/www.soyecoturista.com\/asociacion\/la-asociacion-de-ecoturismo-en-espana-presente-en-el-hic-summit-2023-ibiza\/","title":{"rendered":"La Asociaci\u00f3n de Ecoturismo en Espa\u00f1a presente en el HIC Summit 2023 Ibiza"},"content":{"rendered":"\n<h4 class=\"wp-block-heading\"><strong>La Asociaci\u00f3n de Ecoturismo en Espa\u00f1a participa en la 5\u00aa edici\u00f3n del HIC Summit Ibiza, un evento anual sobre innovaci\u00f3n, turismo, emprendimiento y sostenibilidad que tiene como objetivo analizar las nuevas tendencias del turismo, como la sostenibilidad, e impulsar la colaboraci\u00f3n p\u00fablico-privada para inspirar a empresas y administraciones p\u00fablicas a la hora de liderar este cambio<\/strong><\/h4>\n\n\n\n<p>La sede de la Universitat de les Illes Balears ha acogido del 18 al 20 de octubre la quinta edici\u00f3n del HIC Summit, que cuenta con la colaboraci\u00f3n de Turismo de biza, de la Agencia de Estrategia Tur\u00edstica de las Islas Baleares AETIB y est\u00e1 financiado por los fondos Next GenerationEU, y en el que&nbsp;han participado 50 ponentes en un programa dividido en nueve eventos celebrados en distintas localizaciones.<\/p>\n\n\n\n<p>Tras la&nbsp;presentaci\u00f3n del evento, el primero de los actos de la jornada consisti\u00f3 en una mesa redonda en la que se sentaron Jorge Abian, emprendedor y empresario galardonado internacionalmente, entusiasta de los deportes al aire libre, director creativo y fot\u00f3grafo de viajes; Mari \u00c1ngeles Mar\u00ed, secretaria general de la PIMEEF en Ibiza, Francisco L\u00f3pez Castej\u00f3n, investigador UPTC y fundador de CORI y Manuel Quir\u00f3s, profesor IE University. Al coloquio le sigui\u00f3 la conferencia de Luigi Cabrini, presidente del Consejo Global de Turismo Sostenible (GSTC) para dar paso al encuentro con Odile Rodr\u00edguez de la Fuente, bi\u00f3loga y divulgadora cient\u00edfica e hija del m\u00edtico F\u00e9lix Rodr\u00edguez de la Fuente.<\/p>\n\n\n\n<p><strong>El 19 de octubre tuvo lugar una mesa de ecoturismo en la que particip\u00f3 Amanda Guzm\u00e1n, gerente de la Asociaci\u00f3n de Eoturismo en Espa\u00f1a,<\/strong> Irene Esta\u00fan, ex-directora de la Reserva de la Biosfera de Menorca, destino adherido a Soy Ecoturista, y Carlos S\u00e1nchez, presidente de la TRINO Club de Ecoturismo de Castilla y Le\u00f3n, para hablar de <strong>poner en valor la creaci\u00f3n, comercializaci\u00f3n y promoci\u00f3n de productos, servicios y experiencias de ecoturismo que contribuyan al posicionamiento de Espa\u00f1a como destino ecotur\u00edstico de referencia internacional.<\/strong><\/p>\n\n\n\n<p>Tambi\u00e9n, cabe destacar la participaci\u00f3n de Elpidio Armas, presidente del Cabildo de El Hierro; \u00c1lvaro Sanz, chef de Es Trag\u00f3n, Estrella Michelin en Ibiza; el reconocido ocean\u00f3grafo, Carlos M.Duarte y Amaia Rodr\u00edguez, cofundadora de Gravity Wave.<\/p>\n\n\n\n<a class=\"el-content uk-center uk-button uk-button-default\" href=\"https:\/\/www.youtube.com\/@hictravel8253\/streams\" target=\"_blank\" uk-scroll=\"\" rel=\"noopener\"> Ver ponencias<\/a>\n\n\n\n<hr class=\"wp-block-separator has-alpha-channel-opacity\"\/>\n\n\n\n<p>Asociaci\u00f3n de Ecoturismo en Espa\u00f1a<\/p>\n\n\n\n<p>La Asociaci\u00f3n de Ecoturismo en Espa\u00f1a (AEE) es una asociaci\u00f3n sin \u00e1nimo de lucro creada en 2010 para fomentar el turismo sostenible en los espacios protegidos y compuesta principalmente por asociaciones de empresarios de turismo ubicadas en espacios naturales, entidades gestoras de espacios naturales, administraciones p\u00fablicas implicadas en la gesti\u00f3n tur\u00edstica de \u00e9stos, entidades de innovaci\u00f3n (universidades, fundaciones), empresas de innovaci\u00f3n tur\u00edstica y tecnol\u00f3gica, y empresas tur\u00edsticas comprometidas con la conservaci\u00f3n y el desarrollo local.<\/p>\n\n\n\n<p>La AEE es la entidad que gestiona el Club Ecoturismo en Espa\u00f1a, uno de los clubes de producto tur\u00edsticos nacionales apoyados por la Secretar\u00eda de Estado de Turismo desde 2010. Es una iniciativa pionera que ofrece experiencias de ecoturismo en espacios protegidos, garantizando al viajero su contribuci\u00f3n al desarrollo local y a la conservaci\u00f3n de la biodiversidad. Actualmente agrupa 38 destinos y m\u00e1s de 700 empresas que, bajo la marca SoyEcoturista, asumen su compromiso con la conservaci\u00f3n de la naturaleza y el desarrollo sostenible. <a href=\"https:\/\/www.soyecoturista.com\" target=\"_blank\" rel=\"noreferrer noopener\"><strong>www.soyecoturista.com<\/strong><\/a><\/p>\n","protected":false},"excerpt":{"rendered":"<p>La Asociaci\u00f3n de Ecoturismo en Espa\u00f1a participa en la 5\u00aa edici\u00f3n del HIC Summit Ibiza, un evento anual sobre innovaci\u00f3n, turismo, emprendimiento y sostenibilidad que tiene como objetivo analizar las [&hellip;]<\/p>\n","protected":false},"author":2,"featured_media":41953,"comment_status":"open","ping_status":"open","sticky":false,"template":"","format":"standard","meta":{"_acf_changed":false,"footnotes":""},"categories":[4],"tags":[11,594,596,16],"class_list":["post-41952","post","type-post","status-publish","format-standard","has-post-thumbnail","hentry","category-noticias","tag-ecoturismo","tag-hic-summit","tag-ibiza","tag-naturaleza"],"acf":[],"_links":{"self":[{"href":"https:\/\/www.soyecoturista.com\/asociacion\/wp-json\/wp\/v2\/posts\/41952","targetHints":{"allow":["GET"]}}],"collection":[{"href":"https:\/\/www.soyecoturista.com\/asociacion\/wp-json\/wp\/v2\/posts"}],"about":[{"href":"https:\/\/www.soyecoturista.com\/asociacion\/wp-json\/wp\/v2\/types\/post"}],"author":[{"embeddable":true,"href":"https:\/\/www.soyecoturista.com\/asociacion\/wp-json\/wp\/v2\/users\/2"}],"replies":[{"embeddable":true,"href":"https:\/\/www.soyecoturista.com\/asociacion\/wp-json\/wp\/v2\/comments?post=41952"}],"version-history":[{"count":1,"href":"https:\/\/www.soyecoturista.com\/asociacion\/wp-json\/wp\/v2\/posts\/41952\/revisions"}],"predecessor-version":[{"id":41954,"href":"https:\/\/www.soyecoturista.com\/asociacion\/wp-json\/wp\/v2\/posts\/41952\/revisions\/41954"}],"wp:featuredmedia":[{"embeddable":true,"href":"https:\/\/www.soyecoturista.com\/asociacion\/wp-json\/wp\/v2\/media\/41953"}],"wp:attachment":[{"href":"https:\/\/www.soyecoturista.com\/asociacion\/wp-json\/wp\/v2\/media?parent=41952"}],"wp:term":[{"taxonomy":"category","embeddable":true,"href":"https:\/\/www.soyecoturista.com\/asociacion\/wp-json\/wp\/v2\/categories?post=41952"},{"taxonomy":"post_tag","embeddable":true,"href":"https:\/\/www.soyecoturista.com\/asociacion\/wp-json\/wp\/v2\/tags?post=41952"}],"curies":[{"name":"wp","href":"https:\/\/api.w.org\/{rel}","templated":true}]}}