{"id":41929,"date":"2023-10-17T11:53:18","date_gmt":"2023-10-17T09:53:18","guid":{"rendered":"https:\/\/www.soyecoturismo.com\/asociacion\/?p=41929"},"modified":"2023-10-30T11:57:59","modified_gmt":"2023-10-30T10:57:59","slug":"comienza-la-tercera-edicion-de-menorca-activa-plus-2023","status":"publish","type":"post","link":"https:\/\/www.soyecoturista.com\/asociacion\/comienza-la-tercera-edicion-de-menorca-activa-plus-2023\/","title":{"rendered":"Comienza la tercera edici\u00f3n de Menorca Activa Plus 2023"},"content":{"rendered":"\n<h1 class=\"wp-block-heading\">De octubre a diciembre se celebra la tercera edici\u00f3n de Menorca Activa Plus<\/h1>\n\n\n\n<p><strong>Descubre los nuevos packs y descuentos de la tercera edici\u00f3n de Menorca Activa Plus<\/strong><\/p>\n\n\n\n<p>\u00bfVives en Menorca y te gusta el turismo activo y de naturaleza? \u00bfEst\u00e1s planeando tus pr\u00f3ximas vacaciones en la isla? No dejes escapar los fant\u00e1sticos packs y descuentos que te ofrecemos de octubre a diciembre en la&nbsp;<strong>tercera edici\u00f3n de Menorca Activa Plus.<\/strong>&nbsp;Con esta iniciativa, las empresas adheridas a la Asociaci\u00f3n Menorca Activa ponen a disposici\u00f3n de los amantes del turismo activo, natural, cultural, alojamiento\u2026 las mejores propuestas para disfrutar al m\u00e1ximo de la isla.<\/p>\n\n\n\n<p>\u00bfY en qu\u00e9 consisten nuestros packs? Cada una de las empresas que participan en la campa\u00f1a Menorca Activa Plus tendr\u00e1 a su disposici\u00f3n un amplio abanico de paquetes, que consisten en&nbsp;<strong>una estimulante experiencia m\u00e1s un plus de regalo.<\/strong>&nbsp;Desde una ruta en kayak + una hora de paddle surf gratis, hasta un vuelo en parapente + una filmaci\u00f3n del vuelo gratis, hay opciones para todos los gustos. Eso s\u00ed, recuerda que&nbsp;<strong>solo estar\u00e1n disponibles de octubre a diciembre.<\/strong><\/p>\n\n\n\n<p>Adem\u00e1s, todos aquellos clientes que adquieran un pack recibir\u00e1n un&nbsp;<strong>Bono Regalo del 10% de descuento<\/strong>, que podr\u00e1n canjear durante la temporada 2023 en cualquiera de las empresas participantes en Menorca Activa Plus que se indique en el bono. Una oportunidad as\u00ed no se puede dejar escapar.<\/p>\n\n\n\n<p>S\u00edguenos en nuestras redes sociales para conocer los packs Menorca Activa Plus. Consigue nuestra&nbsp;<strong>mochila<\/strong>&nbsp;de Menorca Activa Plus en cualquiera de las empresas participantes y sube una foto en tu perfil de Instragram y\/o Facebook etiquetando a @menorcaactiva.<\/p>\n\n\n\n<p>Esta acci\u00f3n promocional cuenta con la colaboraci\u00f3n de la Fundaci\u00f3 Foment de Turisme de Menorca y PIME Menorca, as\u00ed como con el apoyo de la Asociaci\u00f3n de Ecoturismo de Espa\u00f1a (AEE), y Menorcarunaway.<\/p>\n\n\n\n<p><strong>Ser\u00e1n 10 las empresas menorquinas que inician esta campa\u00f1a, dos de ellas acreditadas con la Marca Menorca Reserva de Biosfera y adheridas al Club Ecoturismo en Espa\u00f1a:<\/strong><\/p>\n\n\n\n<ul class=\"wp-block-list\">\n<li>Amigo\u2019s Boat Trips<\/li>\n\n\n\n<li><a href=\"https:\/\/soyecoturista.com\/cavalls-son-angel\/\" target=\"_blank\" rel=\"noreferrer noopener\"><strong>Cavalls Son \u00c0ngel<\/strong><\/a> <strong>(adherida a Soy Ecoturista)&nbsp;<\/strong><\/li>\n\n\n\n<li>Menorca a cavall<\/li>\n\n\n\n<li><strong>Parapente Biplaza Menorca (adherida a Soy Ecoturista)&nbsp;<\/strong><\/li>\n\n\n\n<li>Polaris Menorca<\/li>\n\n\n\n<li>S\u2019Algar Diving Menorca<\/li>\n\n\n\n<li>Sports &amp; Kayak Menorca<\/li>\n\n\n\n<li>Dune Balears Fornells<\/li>\n\n\n\n<li>Jeni Hotel Restaurante<\/li>\n\n\n\n<li>Rutas Ecuestres Cam\u00ed Cavalls<\/li>\n<\/ul>\n\n\n\n<p><em>*Consulta peri\u00f3dicamente el cat\u00e1logo de empresa porque se ir\u00e1n actualizado los contenidos con nuevos participantes y packs hasta 31\/12\/2023.<\/em><\/p>\n\n\n\n<p><a href=\"http:\/\/www.menorcaactiva.com\/menorca-activa-plus-3a-edicion-de-octubre-a-diciembre-2023\/\" target=\"_blank\" rel=\"noopener\">Pack Menorca Activa 2023<\/a><\/p>\n","protected":false},"excerpt":{"rendered":"<p>De octubre a diciembre se celebra la tercera edici\u00f3n de Menorca Activa Plus Descubre los nuevos packs y descuentos de la tercera edici\u00f3n de Menorca Activa Plus \u00bfVives en Menorca [&hellip;]<\/p>\n","protected":false},"author":2,"featured_media":41930,"comment_status":"open","ping_status":"open","sticky":false,"template":"","format":"standard","meta":{"_acf_changed":false,"footnotes":""},"categories":[4],"tags":[11,576,16],"class_list":["post-41929","post","type-post","status-publish","format-standard","has-post-thumbnail","hentry","category-noticias","tag-ecoturismo","tag-ecoturismox","tag-naturaleza"],"acf":[],"_links":{"self":[{"href":"https:\/\/www.soyecoturista.com\/asociacion\/wp-json\/wp\/v2\/posts\/41929","targetHints":{"allow":["GET"]}}],"collection":[{"href":"https:\/\/www.soyecoturista.com\/asociacion\/wp-json\/wp\/v2\/posts"}],"about":[{"href":"https:\/\/www.soyecoturista.com\/asociacion\/wp-json\/wp\/v2\/types\/post"}],"author":[{"embeddable":true,"href":"https:\/\/www.soyecoturista.com\/asociacion\/wp-json\/wp\/v2\/users\/2"}],"replies":[{"embeddable":true,"href":"https:\/\/www.soyecoturista.com\/asociacion\/wp-json\/wp\/v2\/comments?post=41929"}],"version-history":[{"count":2,"href":"https:\/\/www.soyecoturista.com\/asociacion\/wp-json\/wp\/v2\/posts\/41929\/revisions"}],"predecessor-version":[{"id":41933,"href":"https:\/\/www.soyecoturista.com\/asociacion\/wp-json\/wp\/v2\/posts\/41929\/revisions\/41933"}],"wp:featuredmedia":[{"embeddable":true,"href":"https:\/\/www.soyecoturista.com\/asociacion\/wp-json\/wp\/v2\/media\/41930"}],"wp:attachment":[{"href":"https:\/\/www.soyecoturista.com\/asociacion\/wp-json\/wp\/v2\/media?parent=41929"}],"wp:term":[{"taxonomy":"category","embeddable":true,"href":"https:\/\/www.soyecoturista.com\/asociacion\/wp-json\/wp\/v2\/categories?post=41929"},{"taxonomy":"post_tag","embeddable":true,"href":"https:\/\/www.soyecoturista.com\/asociacion\/wp-json\/wp\/v2\/tags?post=41929"}],"curies":[{"name":"wp","href":"https:\/\/api.w.org\/{rel}","templated":true}]}}