{"id":24492,"date":"2023-08-25T10:00:40","date_gmt":"2023-08-25T08:00:40","guid":{"rendered":"http:\/\/soyecoturismo.hl1223.dinaserver.com\/?p=24492"},"modified":"2023-08-25T10:00:40","modified_gmt":"2023-08-25T08:00:40","slug":"finaliza-la-primera-temporada-del-podcast-soy-ecoturista-en-somiedo","status":"publish","type":"post","link":"https:\/\/www.soyecoturista.com\/asociacion\/finaliza-la-primera-temporada-del-podcast-soy-ecoturista-en-somiedo\/","title":{"rendered":"Finaliza la primera temporada del Podcast Soy Ecoturista: Somiedo"},"content":{"rendered":"<h4><strong>El jueves 24 de agosto se emiti\u00f3 el \u00faltimo cap\u00edtulo de la primera temporada del podcast de Soy Ecoturista en Somiedo, una iniciativa para dar a conocer este incre\u00edble destino, declarado Parque Natural Reserva de Biosfera y Espacios Red Natura 2000, y a las empresas comprometidas en brindar experiencias de ecoturismo aut\u00e9nticas y memorables<\/strong><\/h4>\n<p><span style=\"font-weight: 400;\">Desde el 22 de junio, cada jueves a las 11am se ha retransmitido en Radio Viajera una entrevista dedicada a las empresas tur\u00edsticas adheridas al Club Ecoturismo en Espa\u00f1a y acreditadas al Sistema de Reconocimiento de la Sostenibilidad del Turismo de Naturaleza en Red Natura 2000 (SRSTNRN2000) en <a href=\"https:\/\/www.soyecoturista.com\/asociacion\/somiedo\/\" target=\"_blank\" rel=\"noopener noreferrer\">Somiedo<\/a>, una acreditaci\u00f3n que diferencia a los Espacios Red Natura 2000 que han integrado la sostenibilidad y la conservaci\u00f3n de los valores naturales de inter\u00e9s comunitario en la gesti\u00f3n de su uso p\u00fablico, y que hasta la fecha cuenta con 18 empresas tur\u00edsticas que cumplen con dichos requisitos de gesti\u00f3n contribuyendo a la conservaci\u00f3n de forma pr\u00e1ctica.<\/span><\/p>\n<p><span style=\"font-weight: 400;\">Las empresas que han participado en esta primera temporada son: <a href=\"https:\/\/www.soyecoturista.com\/asociacion\/casa-mino\/\" target=\"_blank\" rel=\"noopener noreferrer\">Casa Mi\u00f1o<\/a>, <a href=\"https:\/\/www.soyecoturista.com\/asociacion\/corona-auteiro\/\" target=\"_blank\" rel=\"noopener noreferrer\">La Corona del Auteiro<\/a>, <a href=\"https:\/\/www.soyecoturista.com\/asociacion\/apartamentos-rurales-la-pornacal\/\" target=\"_blank\" rel=\"noopener noreferrer\">Apartamentos Rurales La Pornacal<\/a>, <a href=\"https:\/\/www.soyecoturista.com\/asociacion\/apartamentos-rurales-buenamadre\/\" target=\"_blank\" rel=\"noopener noreferrer\">Apartamentos Rurales Buenamadre<\/a>, <a href=\"https:\/\/www.soyecoturista.com\/asociacion\/apartamentos-cobrana\/\" target=\"_blank\" rel=\"noopener noreferrer\">Apartamentos Cobrana<\/a>, <a href=\"https:\/\/www.soyecoturista.com\/asociacion\/rutas-a-caballo-cobrana\/\" target=\"_blank\" rel=\"noopener noreferrer\">Rutas a caballo Cobrana<\/a>, <a href=\"https:\/\/www.soyecoturista.com\/asociacion\/asturias-walks\/\" target=\"_blank\" rel=\"noopener noreferrer\">Asturias Walks<\/a>, <a href=\"https:\/\/www.soyecoturista.com\/asociacion\/rutas-a-caballo-el-chugarin\/\" target=\"_blank\" rel=\"noopener noreferrer\">Rutas a caballo El Chugar\u00edn<\/a>, <a href=\"https:\/\/www.soyecoturista.com\/asociacion\/apartamentos-la-laguna-ll\/\" target=\"_blank\" rel=\"noopener noreferrer\">Apartamentos La Laguna<\/a>, <a href=\"https:\/\/www.soyecoturista.com\/asociacion\/hotel-palacio-florez-estrada\/\" target=\"_blank\" rel=\"noopener noreferrer\">Hotel Palacio Fl\u00f3rez Estrada<\/a>, Hotel Castillo del Alba, Camping La Pomarada y <a href=\"https:\/\/www.soyecoturista.com\/asociacion\/hotel-la-corte-de-somiedo\/\" target=\"_blank\" rel=\"noopener noreferrer\">Hotel La Corte de Somiedo<\/a>.\u00a0<\/span><\/p>\n<p><span style=\"font-weight: 400;\">Asimismo, el primer cap\u00edtulo se dedic\u00f3 a\u00a0 conocer Somiedo de la mano de los representantes de la gesti\u00f3n y planificaci\u00f3n tur\u00edstica, Belarmino Fern\u00e1ndez, Alcalde de Somiedo, Luis Fernando Alonso Sierra, Director del Parque Natural de Somiedo y Rosal\u00eda Garrido, Presidenta de la Asociaci\u00f3n Local de Hosteler\u00eda de Somiedo.\u00a0<\/span><\/p>\n<p>&nbsp;<\/p>\n<div dir=\"auto\">\n<p style=\"text-align: center;\">\n<a class=\"el-content uk-align-center uk-button uk-button-default\" href=\"\/asociacion\/podcast-soyecoturista\/\" uk-scroll=\"\"  >Escuchar podcast<\/a>\n<\/p>\n<\/div>\n<p>&nbsp;<\/p>\n<p><span style=\"font-weight: 400;\">Todos los cap\u00edtulos tambi\u00e9n est\u00e1n disponibles en las plataformas de <a href=\"https:\/\/radioviajera.com\/category\/programas\/viajes\/soy-ecoturista\/\" target=\"_blank\" rel=\"noopener noreferrer\">Radio Viajera<\/a>, <a href=\"https:\/\/open.spotify.com\/show\/5StIQwWZHrtDqpvH1PgbtT\" target=\"_blank\" rel=\"noopener noreferrer\">Spotify<\/a>, <a href=\"https:\/\/www.ivoox.com\/podcast-soy-ecoturista_sq_f12049480_1.html\" target=\"_blank\" rel=\"noopener noreferrer\">Ivoox<\/a> y Apple podcast.\u00a0 <\/span><\/p>\n<p><span style=\"font-weight: 400;\">Esta actuaci\u00f3n se enmarca en el<\/span><a href=\"https:\/\/www.soyecoturista.com\/asociacion\/la-aee-y-ayuntamiento-somiedo-firman-convenio-para-impulsar-el-ecoturismo-en-somiedo\/\"><span style=\"font-weight: 400;\"> convenio firmado con el Ayuntamiento de Somiedo<\/span><\/a><span style=\"font-weight: 400;\"> en el marco del Plan de Sostenibilidad Tur\u00edstica de Somiedo, cofinanciado por la Secretar\u00eda de Estado de Turismo, el Principado de Asturias y el Ayuntamiento de Somiedo. <\/span>Este convenio con la AEE, cuya ejecuci\u00f3n arranc\u00f3 en enero de 2023, servir\u00e1 para que los actores locales aprendan a manejar las herramientas del Club Ecoturismo en Espa\u00f1a y poder diferenciar a Somiedo como un destino de ecoturismo certificado para atraer turistas que quieran disfrutar de sus valores naturales y culturales a lo largo del a\u00f1o, cooperar con la administraci\u00f3n tur\u00edstica para mejorar la promoci\u00f3n nacional e internacional del destino, aumentar la coordinaci\u00f3n con la administraci\u00f3n ambiental para garantizar el m\u00ednimo impacto ambiental de la actividad tur\u00edstica y hacer un seguimiento de la contribuci\u00f3n al desarrollo local.<\/p>\n<h3><b>El Podcast Soy Ecoturista<\/b><\/h3>\n<p><span style=\"font-weight: 400;\">\u201cSoy Ecoturista\u201d es el programa de podcast sobre Ecoturismo en Espa\u00f1a para descubrir lo mejor de nuestra naturaleza. A trav\u00e9s de las distintas temporadas llevaremos a los oyentes a descubrir espacios naturales protegidos de Espa\u00f1a de la mano de sus gestores y empresas que ofrecen experiencias de aut\u00e9ntico ecoturismo y que, adem\u00e1s, forman parte del Club Ecoturismo en Espa\u00f1a, una iniciativa que une a viajeros amantes de la naturaleza con empresas comprometidas con la conservaci\u00f3n de la biodiversidad y el desarrollo local sostenible en espacios naturales protegidos.<\/span><\/p>\n<p><span style=\"font-weight: 400;\">En cada episodio se da voz a personas y proyectos inspiradores que trabajan en la primera l\u00ednea para la conservaci\u00f3n de la naturaleza y apoyo al desarrollo local de los lugares que habitan, ofreciendo aut\u00e9ntico ecoturismo a todos sus visitantes.<\/span>[vc_single_image image=&#8221;24499&#8243; img_size=&#8221;full&#8221;]Sobre la Asociaci\u00f3n de Ecoturismo en Espa\u00f1a<\/p>\n<p>La Asociaci\u00f3n de Ecoturismo en Espa\u00f1a (AEE) es una asociaci\u00f3n sin \u00e1nimo de lucro creada en 2010 para fomentar el turismo sostenible en los espacios protegidos y compuesta principalmente por asociaciones de empresarios de turismo ubicadas en espacios naturales, entidades gestoras de espacios naturales, administraciones p\u00fablicas implicadas en la gesti\u00f3n tur\u00edstica de \u00e9stos, entidades de innovaci\u00f3n (universidades, fundaciones), empresas de innovaci\u00f3n tur\u00edstica y tecnol\u00f3gica, y empresas tur\u00edsticas comprometidas con la conservaci\u00f3n y el desarrollo local.<\/p>\n<p>La AEE es la entidad que gestiona el Club Ecoturismo en Espa\u00f1a, uno de los clubes de producto tur\u00edsticos apoyados por la Secretar\u00eda de Estado de Turismo desde 2010. Es una iniciativa pionera que ofrece experiencias de ecoturismo en espacios naturales protegidos, garantizando al viajero su contribuci\u00f3n al desarrollo local y a la conservaci\u00f3n de la biodiversidad. Actualmente agrupa 27 destinos y cerca de 700 empresas que, bajo la marca SoyEcoturista, asumen su compromiso con el desarrollo sostenible.<a href=\"https:\/\/www.soyecoturista.com\/asociacion\/\" target=\"_blank\" rel=\"noopener noreferrer\">\u00a0www.soyecoturista.com<\/a><\/p>\n","protected":false},"excerpt":{"rendered":"<p>El jueves 24 de agosto se emiti\u00f3 el \u00faltimo cap\u00edtulo de la primera temporada del podcast de Soy Ecoturista en Somiedo, una iniciativa para dar a conocer este incre\u00edble destino, [&hellip;]<\/p>\n","protected":false},"author":2,"featured_media":41067,"comment_status":"open","ping_status":"open","sticky":false,"template":"","format":"standard","meta":{"_acf_changed":false,"footnotes":""},"categories":[4],"tags":[11,33,16],"class_list":["post-24492","post","type-post","status-publish","format-standard","has-post-thumbnail","hentry","category-noticias","tag-ecoturismo","tag-espacios-protegidos","tag-naturaleza"],"acf":[],"_links":{"self":[{"href":"https:\/\/www.soyecoturista.com\/asociacion\/wp-json\/wp\/v2\/posts\/24492","targetHints":{"allow":["GET"]}}],"collection":[{"href":"https:\/\/www.soyecoturista.com\/asociacion\/wp-json\/wp\/v2\/posts"}],"about":[{"href":"https:\/\/www.soyecoturista.com\/asociacion\/wp-json\/wp\/v2\/types\/post"}],"author":[{"embeddable":true,"href":"https:\/\/www.soyecoturista.com\/asociacion\/wp-json\/wp\/v2\/users\/2"}],"replies":[{"embeddable":true,"href":"https:\/\/www.soyecoturista.com\/asociacion\/wp-json\/wp\/v2\/comments?post=24492"}],"version-history":[{"count":0,"href":"https:\/\/www.soyecoturista.com\/asociacion\/wp-json\/wp\/v2\/posts\/24492\/revisions"}],"wp:featuredmedia":[{"embeddable":true,"href":"https:\/\/www.soyecoturista.com\/asociacion\/wp-json\/wp\/v2\/media\/41067"}],"wp:attachment":[{"href":"https:\/\/www.soyecoturista.com\/asociacion\/wp-json\/wp\/v2\/media?parent=24492"}],"wp:term":[{"taxonomy":"category","embeddable":true,"href":"https:\/\/www.soyecoturista.com\/asociacion\/wp-json\/wp\/v2\/categories?post=24492"},{"taxonomy":"post_tag","embeddable":true,"href":"https:\/\/www.soyecoturista.com\/asociacion\/wp-json\/wp\/v2\/tags?post=24492"}],"curies":[{"name":"wp","href":"https:\/\/api.w.org\/{rel}","templated":true}]}}