{"id":24271,"date":"2023-08-08T11:05:14","date_gmt":"2023-08-08T09:05:14","guid":{"rendered":"http:\/\/soyecoturismo.hl1223.dinaserver.com\/?p=24271"},"modified":"2023-10-04T13:35:08","modified_gmt":"2023-10-04T11:35:08","slug":"ecoturismo-en-ambroz-caparra","status":"publish","type":"post","link":"https:\/\/www.soyecoturista.com\/asociacion\/ecoturismo-en-ambroz-caparra\/","title":{"rendered":"Ecoturismo en Ambroz-C\u00e1parra"},"content":{"rendered":"<p><span style=\"font-weight: 400;\">\u00bfTe imaginas ba\u00f1arte en espectaculares gargantas y piscinas naturales? \u00bfDisfrutar de rutas que recorren serran\u00edas y dehesas? \u00bfO perderte por pueblos m\u00e1gicos como sacados de un cuento? Si te lo imaginas, pero no sabes d\u00f3nde hacerlo realidad, te sugerimos una escapada ecoturista a<\/span><a href=\"https:\/\/www.soyecoturista.com\/asociacion\/ambroz-caparra\/\" target=\"_blank\" rel=\"noopener noreferrer\"> <span style=\"font-weight: 400;\">Ambroz-C\u00e1parra<\/span><\/a><span style=\"font-weight: 400;\">, al norte de la provincia de C\u00e1ceres.\u00a0<\/span><\/p>\n<p><span style=\"font-weight: 400;\">Abarcando un total de 23 municipios de las comarcas de Ambroz y Trasierra-Tierras de Granadilla, se trata de un destino donde casi el 49% del territorio se encuentra protegido bajo alguna figura de protecci\u00f3n medioambiental auton\u00f3mica o europea, destacando los espacios Red Natura 2000 y las figuras de \u00c1rbol Singular, ofreci\u00e9ndote una diversidad de ecosistemas y paisajes que dan lugar a una importante y variada cantidad de espacios id\u00f3neos para el desarrollo de actividades de ecoturismo. Adem\u00e1s, encontrar\u00e1s un fascinante patrimonio hist\u00f3rico que podr\u00e1s descubrir a trav\u00e9s de antiguas rutas de romanos y celtas, como la emblem\u00e1tica V\u00eda de la Plata, y en tesoros culturales como Granadilla, C\u00e1parra, la juder\u00eda de Herv\u00e1s y el encantador barrio del Casta\u00f1ar en Ba\u00f1os de Montemayor.<\/span><\/p>\n<p><span style=\"font-weight: 400;\">En Ambroz-C\u00e1parra encontrar\u00e1s un nuevo destino tur\u00edstico de ecoturismo que se suma a la gran y variada oferta que en Soy Ecoturista ya te ofrec\u00edamos del<\/span><a href=\"https:\/\/www.soyecoturista.com\/asociacion\/ecoturismo-en-el-valle-del-ambroz\/\" target=\"_blank\" rel=\"noopener noreferrer\"> <span style=\"font-weight: 400;\">Valle del Ambroz<\/span><\/a><span style=\"font-weight: 400;\">, con la ampliaci\u00f3n del destino con 15 municipios de la comarca de Trasierra-Tierras de Granadilla que aportan otras 12 nuevas empresas locales, ofreciendo un total de 23 establecimientos con propuestas para todos los gustos.<\/span><\/p>\n<p><span style=\"font-weight: 400;\">Contin\u00faa leyendo si quieres descubrir las novedades que te esperan en Ambroz-C\u00e1parra. \u00a1A nosotros nos encantan, y seguro que a ti tambi\u00e9n!<\/span><\/p>\n<h2><b>Nuevos alojamientos en Ambroz-C\u00e1parra<\/b><\/h2>\n<p><span style=\"font-weight: 400;\">Entre la nueva <\/span><a href=\"https:\/\/www.soyecoturista.com\/asociacion\/c\/alojamiento+ambroz-caparra\/\" target=\"_blank\" rel=\"noopener noreferrer\"><span style=\"font-weight: 400;\">oferta alojativa<\/span><\/a><span style=\"font-weight: 400;\"> encontrar\u00e1s 6 establecimientos.<\/span><\/p>\n<h3><b>Casa Tenerias\u00a0<\/b><\/h3>\n<p><a href=\"https:\/\/www.soyecoturista.com\/asociacion\/casa-tenerias\/\" target=\"_blank\" rel=\"noopener noreferrer\"><span style=\"font-weight: 400;\">Casa Tener\u00edas<\/span><\/a><span style=\"font-weight: 400;\"> es una casa rural 3 estrellas situada en el municipio de Marchagaz y conformada por dos apartamentos, el Unu para 4 pax y el Otru para 5 pax, ambos ubicados en el mismo edificio. Su cuidado dise\u00f1o y la tranquilidad que se respira invitar a desconectar y, al mismo tiempo, a conectarte con la naturaleza.<\/span><\/p>\n<p><span style=\"font-weight: 400;\"><img loading=\"lazy\" decoding=\"async\" class=\"aligncenter wp-image-24274\" src=\"https:\/\/www.soyecoturista.com\/wp-content\/uploads\/2023\/08\/SCP7259_opt-1038x693-1.jpg\" alt=\"\" width=\"1000\" height=\"668\" \/><br \/>\n<\/span><\/p>\n<h3><b>Apartamentos Rurales Jard\u00edn del Poeta<\/b><\/h3>\n<p><span style=\"font-weight: 400;\">En los apartamentos <\/span><a href=\"https:\/\/www.soyecoturista.com\/asociacion\/apartamentos-rurales-jardin-poeta\/\" target=\"_blank\" rel=\"noopener noreferrer\"><span style=\"font-weight: 400;\">Jard\u00edn del Poeta<\/span><\/a><span style=\"font-weight: 400;\">, ubicados en Guijo de Granadilla, encontrar\u00e1s 1 apartamento de 2 dormitorios para un m\u00e1ximo de 4 plazas y 3 estudios de 2 plazas cada uno. Rodeados de jardines y espectaculares vistas a la dehesa y a la monta\u00f1a, son el refugio perfecto para tu escapada ecoturista.<\/span><\/p>\n<h3><b><img loading=\"lazy\" decoding=\"async\" class=\"aligncenter wp-image-24273\" src=\"https:\/\/www.soyecoturista.com\/wp-content\/uploads\/2023\/08\/P2_312_Fotografia_alta-7-002-scaled-1.jpg\" alt=\"\" width=\"1000\" height=\"667\" \/><\/b><\/h3>\n<h3><b>Apartamentos Rurales Do\u00f1a Jimena del Ambroz<\/b><\/h3>\n<p><a href=\"https:\/\/www.soyecoturista.com\/asociacion\/apartamentos-rurales-dona-jimena-ambroz\/\" target=\"_blank\" rel=\"noopener noreferrer\"><span style=\"font-weight: 400;\">Do\u00f1a Jimena del Ambroz<\/span><\/a><span style=\"font-weight: 400;\"> es un exclusivo complejo de apartamentos rurales 4 estrellas ubicados en el coraz\u00f3n del Barrio Jud\u00edo de la localidad de Herv\u00e1s. Cuenta con 7 apartamentos de 2 dormitorios con capacidad de hasta 4 personas, 2 apartamentos de 1 dormitorio tipo suite con jacuzzi con capacidad de 2 personas, y en todos ellos existe la posibilidad de incluir camas supletorias y cunas. Sus instalaciones y su entorno son la mejor invitaci\u00f3n para descubrir la riqueza natural y cultural de la zona.<\/span><\/p>\n<h3><b><img loading=\"lazy\" decoding=\"async\" class=\"aligncenter wp-image-24272\" src=\"https:\/\/www.soyecoturista.com\/wp-content\/uploads\/2023\/08\/412335902-1.jpg\" alt=\"\" width=\"1000\" height=\"750\" \/><\/b><\/h3>\n<h3><b>LIDENEX<\/b><\/h3>\n<p><span style=\"font-weight: 400;\">Un <\/span><i><span style=\"font-weight: 400;\">Lugar Ideal de Descanso en Extremadura<\/span><\/i><span style=\"font-weight: 400;\"> es a lo que responden las siglas de <\/span><a href=\"https:\/\/www.soyecoturista.com\/asociacion\/lidenex\/\" target=\"_blank\" rel=\"noopener noreferrer\"><span style=\"font-weight: 400;\">LIDENEX<\/span><\/a><span style=\"font-weight: 400;\">, un cortijo reformado en plena dehesa extreme\u00f1a, situado muy cerca del Pantano de Gabriel y Gal\u00e1n. Cuenta con 4 casas independientes, cada una diferente de las otras, que suman una capacidad para 17 personas y donde no falta detalle para que tu estancia sea memorable.<\/span><\/p>\n<h3><b><img loading=\"lazy\" decoding=\"async\" class=\"aligncenter wp-image-24275\" src=\"https:\/\/www.soyecoturista.com\/wp-content\/uploads\/2023\/08\/dehesa-y-victor-de-noche-1038x779-1.jpg\" alt=\"\" width=\"1000\" height=\"750\" \/><\/b><\/h3>\n<h3><b>Apartamentos Rurales Tierras de Granadilla<\/b><\/h3>\n<p><span style=\"font-weight: 400;\">3 casas-apartamentos confirman <\/span><a href=\"https:\/\/www.soyecoturista.com\/asociacion\/apartamentos-rurales-tierras-granadilla\/\" target=\"_blank\" rel=\"noopener noreferrer\"><span style=\"font-weight: 400;\">Apartamentos Rurales Tierras de Granadilla<\/span><\/a><span style=\"font-weight: 400;\">, en Zarza de Granadilla. Cada uno de ellos cuenta con un dormitorio y dos plazas m\u00e1s convertibles en el sal\u00f3n, por lo que en su conjunto puede albergar hasta 12 personas. Totalmente integrados en el paisaje, ofrecen la comodidad y tranquilidad que buscas para disfrutar en armon\u00eda del entorno.<\/span><\/p>\n<h3><b><img loading=\"lazy\" decoding=\"async\" class=\"aligncenter wp-image-24276\" src=\"https:\/\/www.soyecoturista.com\/wp-content\/uploads\/2023\/08\/Dormitorio-Apto-21-1.jpg\" alt=\"\" width=\"1000\" height=\"750\" \/><\/b><\/h3>\n<h3><b>Hotel Rural Mart\u00edn<\/b><\/h3>\n<p><span style=\"font-weight: 400;\">Un edificio con m\u00e1s de 300 a\u00f1os de historia es hoy el <\/span><a href=\"https:\/\/www.soyecoturista.com\/asociacion\/hotel-rural-martin\/\" target=\"_blank\" rel=\"noopener noreferrer\"><span style=\"font-weight: 400;\">Hotel Rural Mart\u00edn<\/span><\/a><span style=\"font-weight: 400;\">, situado en la localidad de Ba\u00f1os de Montemayor. Esta joya arquitect\u00f3nica que data de 1731 conserva el encanto ancestral, dispone de 18 habitaciones. Su jard\u00edn es ideal para relajarse al finalizar el d\u00eda.<\/span><\/p>\n<p><img loading=\"lazy\" decoding=\"async\" class=\"aligncenter wp-image-24277\" src=\"https:\/\/www.soyecoturista.com\/wp-content\/uploads\/2023\/08\/4-scaled-1.jpg\" alt=\"\" width=\"1000\" height=\"750\" \/><\/p>\n<h2><b>Nuevas empresas de actividades en Ambroz-C\u00e1parra<\/b><\/h2>\n<h3><b>Actividades Ecuestres Valle del Ambroz<\/b><\/h3>\n<p><span style=\"font-weight: 400;\">Desde <\/span><a href=\"https:\/\/www.soyecoturista.com\/asociacion\/actividades-ecuestres-valle-ambroz\/\" target=\"_blank\" rel=\"noopener noreferrer\"><span style=\"font-weight: 400;\">Actividades Ecuestres Valle del Ambroz<\/span><\/a><span style=\"font-weight: 400;\"> nos proponen rutas a caballo con las que explorar los paisajes impresionantes del Valle del Ambroz en familia, con amigos o en pareja. Sus monitores expertos te guiar\u00e1n y acompa\u00f1ar\u00e1n en todo momento para asegurar tu tranquilidad y que solo te preocupes por disfrutar, pudiendo adem\u00e1s elegir la duraci\u00f3n de la ruta. Tambi\u00e9n ofrecen campamentos de verano y equinoterapia con monitores titulados en esta especialidad.<\/span><\/p>\n<h3><b><img loading=\"lazy\" decoding=\"async\" class=\"aligncenter wp-image-24281\" src=\"https:\/\/www.soyecoturista.com\/wp-content\/uploads\/2023\/08\/CUADRAS-1038x779-1.jpg\" alt=\"\" width=\"1000\" height=\"750\" \/><\/b><\/h3>\n<h3><b>Astroturismo La Estaci\u00f3n<\/b><\/h3>\n<p><span style=\"font-weight: 400;\">Descubre uno de los cielos nocturnos m\u00e1s incre\u00edbles de la zona con <\/span><a href=\"https:\/\/www.soyecoturista.com\/asociacion\/astroturismo-la-estacion\/\" target=\"_blank\" rel=\"noopener noreferrer\"><span style=\"font-weight: 400;\">Astroturismo La Estaci\u00f3n<\/span><\/a><span style=\"font-weight: 400;\">. Adem\u00e1s de la observaci\u00f3n de las estrellas, esta empresa ofrece talleres de fotograf\u00eda nocturna y otras actividades relacionadas con la astronom\u00eda, como talleres infantiles o familiares de astronom\u00eda, charlas divulgativas, observaciones solares, etc.<\/span><\/p>\n<h3><b><img loading=\"lazy\" decoding=\"async\" class=\"aligncenter wp-image-24280\" src=\"https:\/\/www.soyecoturista.com\/wp-content\/uploads\/2023\/08\/Observacion-Via-Lactea-1.jpg\" alt=\"\" width=\"1000\" height=\"667\" \/><\/b><\/h3>\n<h3><b>Dehesando<\/b><\/h3>\n<p><span style=\"font-weight: 400;\">Ad\u00e9ntrate a conocer m\u00e1s sobre la dehesa extreme\u00f1a con <\/span><a href=\"https:\/\/www.soyecoturista.com\/asociacion\/dehesando\/\" target=\"_blank\" rel=\"noopener noreferrer\"><span style=\"font-weight: 400;\">Dehesando<\/span><\/a><span style=\"font-weight: 400;\"> en Oliva de Plasencia, una empresa comprometida con el respeto a la dehesa. Te ense\u00f1ar\u00e1n y explicar\u00e1n sobre este complejo ecosistema para que t\u00fa tambi\u00e9n puedas conocerla, respetarla y quererla. La visita consiste en realizar un recorrido guiado e interpretado por los puntos m\u00e1s emblem\u00e1ticos de su finca.\u00a0<\/span><\/p>\n<h3><b><img loading=\"lazy\" decoding=\"async\" class=\"aligncenter wp-image-24279\" src=\"https:\/\/www.soyecoturista.com\/wp-content\/uploads\/2023\/08\/actividad1-1.jpg\" alt=\"\" width=\"1000\" height=\"563\" \/><\/b><\/h3>\n<p>&nbsp;<\/p>\n<h3><b>Jalama Outdoor<\/b><\/h3>\n<p><span style=\"font-weight: 400;\">La empresa <\/span><a href=\"https:\/\/www.soyecoturista.com\/asociacion\/jalama-outdoor\/\" target=\"_blank\" rel=\"noopener noreferrer\"><span style=\"font-weight: 400;\">Jalama Outdoor<\/span><\/a><span style=\"font-weight: 400;\"> te lleva a conocer de una forma diferente el norte de Extremadura gracias a sus actividades interpretadas entre las que encontrar\u00e1s rutas de senderismo y rutas guiadas en bicicletas el\u00e9ctricas. Con ellos tambi\u00e9n podr\u00e1s practicar otras actividades como pirag\u00fcismo, barranquismo o paddle surf con su equipo de expertos.<\/span><\/p>\n<h3><b><img loading=\"lazy\" decoding=\"async\" class=\"aligncenter wp-image-24278\" src=\"https:\/\/www.soyecoturista.com\/wp-content\/uploads\/2023\/08\/barranquismo2-1.png\" alt=\"\" width=\"1000\" height=\"563\" \/><\/b><\/h3>\n<p>&nbsp;<\/p>\n<h2><b>Otras empresas<\/b><b> en Ambroz C\u00e1parra\u00a0<\/b><\/h2>\n<h3><b>Balneario y Termas Romanas Ba\u00f1os de Montemayor\u00a0<\/b><\/h3>\n<p><span style=\"font-weight: 400;\">El antiguo Balneario Ba\u00f1os de Montemayor es hoy una <\/span><a href=\"https:\/\/www.soyecoturista.com\/asociacion\/balneario-termas-romanas-banos-montemayor\/\" target=\"_blank\" rel=\"noopener noreferrer\"><span style=\"font-weight: 400;\">estaci\u00f3n termal<\/span><\/a><span style=\"font-weight: 400;\"> en la que disfrutar\u00e1s de una experiencia \u00fanica al sumergirte en sus aguas termales sulfurosas y ricas en oligometales, que han sido declaradas minero-medicinales y beneficiosas para la salud respiratoria, muscular y d\u00e9rmica. Cuenta con una amplia variedad de servicios, tratamientos y circuitos termales de tonificaci\u00f3n y relajaci\u00f3n a los que no podr\u00e1s resistirte.<\/span><\/p>\n<p><b><img loading=\"lazy\" decoding=\"async\" class=\"aligncenter wp-image-24282\" src=\"https:\/\/www.soyecoturista.com\/wp-content\/uploads\/2023\/08\/Balneario_Term-3-1038x692-1.jpg\" alt=\"\" width=\"1000\" height=\"667\" \/><\/b><\/p>\n<h3><b>Oleosetin<\/b><\/h3>\n<p><span style=\"font-weight: 400;\">La empresa familiar <\/span><a href=\"https:\/\/www.soyecoturista.com\/asociacion\/oleosetin\/\" target=\"_blank\" rel=\"noopener noreferrer\"><span style=\"font-weight: 400;\">Oleosetin<\/span><\/a><span style=\"font-weight: 400;\">, situada en Marchagaz, conjuga agricultura y ganader\u00eda ecol\u00f3gica y abarca todo el proceso de elaboraci\u00f3n del aceite, desde el campo hasta el consumidor final, preservando y haciendo sostenible el legado que han recibido. En su almazara elaboran aceite de oliva ecol\u00f3gico utilizando no s\u00f3lo sus propias olivas sino tambi\u00e9n las de agricultores de la zona, favoreciendo as\u00ed la econom\u00eda verde y circular. Ofrecen desde cursos de cata de aceite, hasta convertirte en \u201cOlivarero por un d\u00eda\u201d, adem\u00e1s de talleres de reciclaje de aceite y la elaboraci\u00f3n de jabones.<\/span><\/p>\n<h3><b><img loading=\"lazy\" decoding=\"async\" class=\"aligncenter wp-image-24283\" src=\"https:\/\/www.soyecoturista.com\/wp-content\/uploads\/2023\/08\/20220425_105705-scaled-1.jpeg\" alt=\"\" width=\"1000\" height=\"750\" \/><\/b><\/h3>\n<p><span style=\"font-weight: 400;\">Estamos convencidos de que con estas nuevas incorporaciones, tu experiencia ecoturista en el norte de Extremadura va a ser lo m\u00e1s. \u00a1Disfruta!<\/span><\/p>\n","protected":false},"excerpt":{"rendered":"<p>\u00bfTe imaginas ba\u00f1arte en espectaculares gargantas y piscinas naturales? \u00bfDisfrutar de rutas que recorren serran\u00edas y dehesas? \u00bfO perderte por pueblos m\u00e1gicos como sacados de un cuento? Si te lo [&hellip;]<\/p>\n","protected":false},"author":2,"featured_media":40977,"comment_status":"open","ping_status":"open","sticky":false,"template":"","format":"standard","meta":{"_acf_changed":false,"footnotes":""},"categories":[3],"tags":[164,165,182,183,184,158,82,34,185,186,187,188,189,116],"class_list":["post-24271","post","type-post","status-publish","format-standard","has-post-thumbnail","hentry","category-blog","tag-actividades","tag-alojamientos","tag-ambroz-caparra","tag-astroturismo","tag-balneario","tag-empresas","tag-experiencias","tag-extremadura","tag-ganaderia","tag-interpretacion","tag-productores","tag-rutas-a-caballo","tag-rutas-guiadas","tag-valle-del-ambroz"],"acf":[],"_links":{"self":[{"href":"https:\/\/www.soyecoturista.com\/asociacion\/wp-json\/wp\/v2\/posts\/24271","targetHints":{"allow":["GET"]}}],"collection":[{"href":"https:\/\/www.soyecoturista.com\/asociacion\/wp-json\/wp\/v2\/posts"}],"about":[{"href":"https:\/\/www.soyecoturista.com\/asociacion\/wp-json\/wp\/v2\/types\/post"}],"author":[{"embeddable":true,"href":"https:\/\/www.soyecoturista.com\/asociacion\/wp-json\/wp\/v2\/users\/2"}],"replies":[{"embeddable":true,"href":"https:\/\/www.soyecoturista.com\/asociacion\/wp-json\/wp\/v2\/comments?post=24271"}],"version-history":[{"count":2,"href":"https:\/\/www.soyecoturista.com\/asociacion\/wp-json\/wp\/v2\/posts\/24271\/revisions"}],"predecessor-version":[{"id":41675,"href":"https:\/\/www.soyecoturista.com\/asociacion\/wp-json\/wp\/v2\/posts\/24271\/revisions\/41675"}],"wp:featuredmedia":[{"embeddable":true,"href":"https:\/\/www.soyecoturista.com\/asociacion\/wp-json\/wp\/v2\/media\/40977"}],"wp:attachment":[{"href":"https:\/\/www.soyecoturista.com\/asociacion\/wp-json\/wp\/v2\/media?parent=24271"}],"wp:term":[{"taxonomy":"category","embeddable":true,"href":"https:\/\/www.soyecoturista.com\/asociacion\/wp-json\/wp\/v2\/categories?post=24271"},{"taxonomy":"post_tag","embeddable":true,"href":"https:\/\/www.soyecoturista.com\/asociacion\/wp-json\/wp\/v2\/tags?post=24271"}],"curies":[{"name":"wp","href":"https:\/\/api.w.org\/{rel}","templated":true}]}}