{"id":24066,"date":"2023-07-05T11:19:53","date_gmt":"2023-07-05T09:19:53","guid":{"rendered":"http:\/\/soyecoturismo.hl1223.dinaserver.com\/?p=24066"},"modified":"2023-07-05T11:19:53","modified_gmt":"2023-07-05T09:19:53","slug":"el-ayuntamiento-de-onis-ofrecera-este-verano-la-experiencia-ruta-pastores-y-biodiversidad","status":"publish","type":"post","link":"https:\/\/www.soyecoturista.com\/asociacion\/el-ayuntamiento-de-onis-ofrecera-este-verano-la-experiencia-ruta-pastores-y-biodiversidad\/","title":{"rendered":"El Ayuntamiento de On\u00eds ofrecer\u00e1 este verano la experiencia \u2018Ruta Pastores y Biodiversidad\u201d"},"content":{"rendered":"<h4><strong>La ruta recorrer\u00e1 el llamado cam\u00edn del puertu que da acceso desde el valle del G\u00fce\u00f1a a los puertos altos de monta\u00f1a del concejo de On\u00eds a trav\u00e9s de la pista <\/strong><strong>ganadera que parte de Demu\u00e9s<\/strong><\/h4>\n<p><span style=\"font-weight: 400;\">Con el fin de hacer un testeo inicial del funcionamiento y acogida de la <a href=\"https:\/\/www.onisecoturismo.es\/disfruta\/ruta-pastores-biodiversidad\/\" target=\"_blank\" rel=\"noopener noreferrer\">\u201cRuta Pastores y Biodiversidad\u201d<\/a>, este verano se activar\u00e1 a modo de experiencia piloto con el apoyo de la Fundaci\u00f3n para la Conservaci\u00f3n del Quebrantahuesos, entidad adherida al Club Ecoturismo en Espa\u00f1a en <a href=\"https:\/\/www.soyecoturista.com\/asociacion\/picos-de-europa\/\" target=\"_blank\" rel=\"noopener noreferrer\">Picos de Europa, destino de ecoturismo<\/a> que ya cuenta con 11 empresas adheridas, y al que que en octubre previsiblemente se <\/span><span style=\"font-weight: 400;\">incorporar\u00e1n 7 empresas ubicadas en On\u00eds<\/span><span style=\"font-weight: 400;\">.\u00a0<\/span><\/p>\n<p><span style=\"font-weight: 400;\">El itinerario comenzar\u00e1 en el Centro de las Monta\u00f1as del Quebrantahuesos y est\u00e1 pensado para grupos de 6 participantes que ser\u00e1n acompa\u00f1ados por un Gu\u00eda Local experto de On\u00eds con el que podr\u00e1n conocer los ecosistemas de monta\u00f1a y las peculiaridades de la ganader\u00eda extensiva. El hilo conductor de la ruta ser\u00e1 la vida de los pastores en los Picos de Europa, un elemento fundamental del patrimonio hist\u00f3rico y cultural del concejo de On\u00eds, clave en la definici\u00f3n de su paisaje, su poblamiento y su econom\u00eda, as\u00ed como en el mantenimiento de su biodiversidad.\u00a0<\/span><\/p>\n<p><span style=\"font-weight: 400;\">La ruta se realizar\u00e1 en un veh\u00edculo 4&#215;4 e incluir\u00e1 la visita a una caba\u00f1a de pastores que cuenta con utensilios presentes en este tipo de construcciones donde hist\u00f3ricamente los pastores elaboraban y siguen elaborando de forma artesanal el Queso Gamon\u00e9u. All\u00ed tambi\u00e9n se exponen fotograf\u00edas antiguas de las familias de pastores que durante los meses de verano se trasladaban a las majadas de los puertos altos. Una manera de traer al presente la realidad de la vida en la monta\u00f1a, del queso como soluci\u00f3n a un problema, y del fuego y el humo como aliados para su producci\u00f3n.<\/span><\/p>\n<p><span style=\"font-weight: 400;\">Desde el espectacular mirador natural que es el Collado Linc\u00f3s, se hablar\u00e1 de las singularidades del Quebrantahuesos, una especie en peligro de extinci\u00f3n que est\u00e1 siendo reintroducida en Picos de Europa y cuya recuperaci\u00f3n est\u00e1 muy ligada al mantenimiento de la ganader\u00eda extensiva.<\/span><\/p>\n<p><span style=\"font-weight: 400;\">La \u00faltima parada permitir\u00e1 a los turistas acceder a Cueva Quiliama, una gruta natural donde varios elaboradores de On\u00eds maduran sus quesos en unas condiciones ambientales de temperatura y humedad constante que permiten que hongos y levaduras hagan su trabajo.<\/span><\/p>\n<p><span style=\"font-weight: 400;\">La actividad se ofrecer\u00e1 desde el pr\u00f3ximo martes d\u00eda 4 de Julio hasta el 31 de agosto con 2 servicios diarios; uno en turno de ma\u00f1ana (de 9.00 a 13.00 h) y otro en turno de tarde (de 16.00 19.00h). Las reservas se podr\u00e1n hacer online a trav\u00e9s de un motor de reservas habilitado para facilitar la gesti\u00f3n del servicio y la contrataci\u00f3n anticipada por parte de los usuarios finales.<\/span><\/p>\n<p><span style=\"font-weight: 400;\">Esta acci\u00f3n de dise\u00f1o de productos de ecoturismo cient\u00edfico se enmarca dentro del Plan de <\/span><span style=\"font-weight: 400;\">Sostenibilidad Tur\u00edstica del Destino Onis \u201cEcoturismo en Picos de Europa\u201d que cuenta con la <\/span><span style=\"font-weight: 400;\">cofinanciaci\u00f3n de la Secretar\u00eda de Estado de Turismo y la Consejer\u00eda de Cultura, Pol\u00edtica Ling\u00fc\u00edstica y Turismo del Principado de Asturias y el Ayuntamiento de On\u00eds.<\/span><\/p>\n<p><span style=\"font-weight: 400;\">.\u00a0<\/span>[vc_single_image image=&#8221;24067&#8243; img_size=&#8221;large&#8221; alignment=&#8221;center&#8221; onclick=&#8221;custom_link&#8221; img_link_target=&#8221;_blank&#8221; link=&#8221;https:\/\/www.onisecoturismo.es\/disfruta\/ruta-pastores-biodiversidad\/&#8221;]<\/p>\n<hr \/>\n<p>Sobre la Asociaci\u00f3n de Ecoturismo en Espa\u00f1a<\/p>\n<p>La Asociaci\u00f3n de Ecoturismo en Espa\u00f1a (AEE) es una asociaci\u00f3n sin \u00e1nimo de lucro creada en 2010 para fomentar el turismo sostenible en los espacios protegidos y compuesta principalmente por asociaciones de empresarios de turismo ubicadas en espacios naturales, entidades gestoras de espacios naturales, administraciones p\u00fablicas implicadas en la gesti\u00f3n tur\u00edstica de \u00e9stos, entidades de innovaci\u00f3n (universidades, fundaciones), empresas de innovaci\u00f3n tur\u00edstica y tecnol\u00f3gica, y empresas tur\u00edsticas comprometidas con la conservaci\u00f3n y el desarrollo local.<\/p>\n<p>La AEE es la entidad que gestiona el Club Ecoturismo en Espa\u00f1a, uno de los clubes de producto tur\u00edsticos apoyados por la Secretar\u00eda de Estado de Turismo desde 2010. Es una iniciativa pionera que ofrece experiencias de ecoturismo en espacios naturales protegidos, garantizando al viajero su contribuci\u00f3n al desarrollo local y a la conservaci\u00f3n de la biodiversidad. Actualmente agrupa 2 destinos y m\u00e1s de 700 empresas que, bajo la marca Soy Ecoturista, asumen su compromiso con el desarrollo sostenible.<a href=\"https:\/\/www.soyecoturista.com\/asociacion\/\" target=\"_blank\" rel=\"noopener noreferrer\">\u00a0www.soyecoturista.com<\/a><\/p>\n","protected":false},"excerpt":{"rendered":"<p>La ruta recorrer\u00e1 el llamado cam\u00edn del puertu que da acceso desde el valle del G\u00fce\u00f1a a los puertos altos de monta\u00f1a del concejo de On\u00eds a trav\u00e9s de la [&hellip;]<\/p>\n","protected":false},"author":2,"featured_media":40880,"comment_status":"open","ping_status":"open","sticky":false,"template":"","format":"standard","meta":{"_acf_changed":false,"footnotes":""},"categories":[4],"tags":[166,11,33,167,16,216,217,106],"class_list":["post-24066","post","type-post","status-publish","format-standard","has-post-thumbnail","hentry","category-noticias","tag-castilla-y-leon","tag-ecoturismo","tag-espacios-protegidos","tag-montana-de-riano","tag-naturaleza","tag-parque-nacional-picos-de-europa","tag-parque-regional-montana-de-riano-y-mampdre","tag-turismo-sostenible"],"acf":[],"_links":{"self":[{"href":"https:\/\/www.soyecoturista.com\/asociacion\/wp-json\/wp\/v2\/posts\/24066","targetHints":{"allow":["GET"]}}],"collection":[{"href":"https:\/\/www.soyecoturista.com\/asociacion\/wp-json\/wp\/v2\/posts"}],"about":[{"href":"https:\/\/www.soyecoturista.com\/asociacion\/wp-json\/wp\/v2\/types\/post"}],"author":[{"embeddable":true,"href":"https:\/\/www.soyecoturista.com\/asociacion\/wp-json\/wp\/v2\/users\/2"}],"replies":[{"embeddable":true,"href":"https:\/\/www.soyecoturista.com\/asociacion\/wp-json\/wp\/v2\/comments?post=24066"}],"version-history":[{"count":0,"href":"https:\/\/www.soyecoturista.com\/asociacion\/wp-json\/wp\/v2\/posts\/24066\/revisions"}],"wp:featuredmedia":[{"embeddable":true,"href":"https:\/\/www.soyecoturista.com\/asociacion\/wp-json\/wp\/v2\/media\/40880"}],"wp:attachment":[{"href":"https:\/\/www.soyecoturista.com\/asociacion\/wp-json\/wp\/v2\/media?parent=24066"}],"wp:term":[{"taxonomy":"category","embeddable":true,"href":"https:\/\/www.soyecoturista.com\/asociacion\/wp-json\/wp\/v2\/categories?post=24066"},{"taxonomy":"post_tag","embeddable":true,"href":"https:\/\/www.soyecoturista.com\/asociacion\/wp-json\/wp\/v2\/tags?post=24066"}],"curies":[{"name":"wp","href":"https:\/\/api.w.org\/{rel}","templated":true}]}}