{"id":24040,"date":"2023-07-28T10:00:29","date_gmt":"2023-07-28T08:00:29","guid":{"rendered":"http:\/\/soyecoturismo.hl1223.dinaserver.com\/?p=24040"},"modified":"2023-07-28T10:00:29","modified_gmt":"2023-07-28T08:00:29","slug":"formacion-requisitos-club-ecoturismo-tecnicos-geoparque-villuercas-ibores-jara","status":"publish","type":"post","link":"https:\/\/www.soyecoturista.com\/asociacion\/formacion-requisitos-club-ecoturismo-tecnicos-geoparque-villuercas-ibores-jara\/","title":{"rendered":"T\u00e9cnicos del Geoparque Villuercas-Ibores-Jara reciben formaci\u00f3n sobre el sistema y requisitos de adhesi\u00f3n al Club Ecoturismo en Espa\u00f1a"},"content":{"rendered":"<h4><strong>La Asociaci\u00f3n de Ecoturismo en Espa\u00f1a ha brindado formaci\u00f3n especializada a 4 t\u00e9cnicos del Geoparque Villuercas-Ibores-Jara para que puedan asesorar y orientar empresas tur\u00edsticas locales en el cumplimiento de los requisitos de adhesi\u00f3n al Club Ecoturismo en Espa\u00f1a por parte de empresas tur\u00edsticas locales<\/strong><\/h4>\n<p><span style=\"font-weight: 400;\">La Asociaci\u00f3n de Ecoturismo en Espa\u00f1a ha brindado formaci\u00f3n especializada a 4 t\u00e9cnicos del <a href=\"https:\/\/geoparquevilluercas.es\/\" target=\"_blank\" rel=\"noopener noreferrer\">Geoparque Villuercas-Ibores-Jara<\/a> para que puedan asesorar y orientar empresas tur\u00edsticas locales en el cumplimiento de los requisitos de adhesi\u00f3n al Club Ecoturismo en Espa\u00f1a por parte de empresas tur\u00edsticas locales.\u00a0<\/span><\/p>\n<p><span style=\"font-weight: 400;\">Esta acci\u00f3n permitir\u00e1 renovar la adhesi\u00f3n del destino y de las empresas tur\u00edsticas que se incorporaron al Club Ecoturismo en Espa\u00f1a (Club) en 2012 e incorporar nuevas empresas interesadas en formar parte del producto Ecoturismo en Espa\u00f1a, todas ellas empresas socias de <\/span><a href=\"https:\/\/geovilluercas.org\/\" target=\"_blank\" rel=\"noopener noreferrer\"><span style=\"font-weight: 400;\">Geovilluercas<\/span><\/a><span style=\"font-weight: 400;\">, la asociaci\u00f3n de empresarios tur\u00edsticos, productores y servicios del Geoparque Villuercas-Ibores-Jara, ente gestor local del Club en el destino.\u00a0<\/span><\/p>\n<p><span style=\"font-weight: 400;\">La formaci\u00f3n, que se ha llevado a cabo mediante dos sesiones online los d\u00edas 24 y 27 de julio, se ha centrado en explicar en detalle el proceso de implantaci\u00f3n del Sistema de requisitos de adhesi\u00f3n propio del Club as\u00ed como los propios requisitos que deben cumplir las empresas. De esta manera, los t\u00e9cnicos del Geoparque Villuercas-Ibores-Jara podr\u00e1n actuar como certificadores locales, verificando que las empresas del territorio cumplen con los requisitos y atributos de adhesi\u00f3n del Club.<\/span><\/p>\n<p><span style=\"font-weight: 400;\">Esta acci\u00f3n formativa, financiada por <\/span><a href=\"http:\/\/www.aprodervi.com\/\" target=\"_blank\" rel=\"noopener noreferrer\"><span style=\"font-weight: 400;\">APRODERVI<\/span><\/a><span style=\"font-weight: 400;\">, la Asociaci\u00f3n para la Promoci\u00f3n y el Desarrollo Rural del Geoparque Mundial de la UNESCO de Villuercas-Ibores-Jara y apoyada por la <\/span><a href=\"https:\/\/www.dip-caceres.es\/\" target=\"_blank\" rel=\"noopener noreferrer\"><span style=\"font-weight: 400;\">Diputaci\u00f3n de C\u00e1ceres<\/span><\/a><span style=\"font-weight: 400;\">, tiene como objetivos impulsar el ecoturismo en el territorio, poner en valor los recursos e infraestructuras de uso p\u00fablico del Geoparque Villuercas-Ibores- Jara, y estrechar la colaboraci\u00f3n entre el Geoparque y una selecci\u00f3n de empresas que adquiere un alto compromiso con el territorio y su conservaci\u00f3n, asegurando as\u00ed que el ecoturismo contribuye de manera pr\u00e1ctica a la divulgaci\u00f3n y conservaci\u00f3n de la biodiversidad.\u00a0<\/span>[vc_single_image image=&#8221;24042&#8243; img_size=&#8221;full&#8221; alignment=&#8221;center&#8221;]<\/p>\n<hr \/>\n<p>Sobre la Asociaci\u00f3n de Ecoturismo en Espa\u00f1a<\/p>\n<p>La Asociaci\u00f3n de Ecoturismo en Espa\u00f1a (AEE) es una asociaci\u00f3n sin \u00e1nimo de lucro creada en 2010 para fomentar el turismo sostenible en los espacios protegidos y compuesta principalmente por asociaciones de empresarios de turismo ubicadas en espacios naturales, entidades gestoras de espacios naturales, administraciones p\u00fablicas implicadas en la gesti\u00f3n tur\u00edstica de \u00e9stos, entidades de innovaci\u00f3n (universidades, fundaciones), empresas de innovaci\u00f3n tur\u00edstica y tecnol\u00f3gica, y empresas tur\u00edsticas comprometidas con la conservaci\u00f3n y el desarrollo local.<\/p>\n<p>La AEE es la entidad que gestiona el Club Ecoturismo en Espa\u00f1a, uno de los clubes de producto tur\u00edsticos apoyados por la Secretar\u00eda de Estado de Turismo desde 2010. Es una iniciativa pionera que ofrece experiencias de ecoturismo en espacios naturales protegidos, garantizando al viajero su contribuci\u00f3n al desarrollo local y a la conservaci\u00f3n de la biodiversidad. Actualmente agrupa 2 destinos y m\u00e1s de 700 empresas que, bajo la marca Soy Ecoturista, asumen su compromiso con el desarrollo sostenible.<a href=\"https:\/\/www.soyecoturista.com\/asociacion\/\" target=\"_blank\" rel=\"noopener noreferrer\">\u00a0www.soyecoturista.com<\/a><\/p>\n","protected":false},"excerpt":{"rendered":"<p>La Asociaci\u00f3n de Ecoturismo en Espa\u00f1a ha brindado formaci\u00f3n especializada a 4 t\u00e9cnicos del Geoparque Villuercas-Ibores-Jara para que puedan asesorar y orientar empresas tur\u00edsticas locales en el cumplimiento de los [&hellip;]<\/p>\n","protected":false},"author":2,"featured_media":40869,"comment_status":"open","ping_status":"open","sticky":false,"template":"","format":"standard","meta":{"_acf_changed":false,"footnotes":""},"categories":[4],"tags":[166,11,33,167,16,216,217,106],"class_list":["post-24040","post","type-post","status-publish","format-standard","has-post-thumbnail","hentry","category-noticias","tag-castilla-y-leon","tag-ecoturismo","tag-espacios-protegidos","tag-montana-de-riano","tag-naturaleza","tag-parque-nacional-picos-de-europa","tag-parque-regional-montana-de-riano-y-mampdre","tag-turismo-sostenible"],"acf":[],"_links":{"self":[{"href":"https:\/\/www.soyecoturista.com\/asociacion\/wp-json\/wp\/v2\/posts\/24040","targetHints":{"allow":["GET"]}}],"collection":[{"href":"https:\/\/www.soyecoturista.com\/asociacion\/wp-json\/wp\/v2\/posts"}],"about":[{"href":"https:\/\/www.soyecoturista.com\/asociacion\/wp-json\/wp\/v2\/types\/post"}],"author":[{"embeddable":true,"href":"https:\/\/www.soyecoturista.com\/asociacion\/wp-json\/wp\/v2\/users\/2"}],"replies":[{"embeddable":true,"href":"https:\/\/www.soyecoturista.com\/asociacion\/wp-json\/wp\/v2\/comments?post=24040"}],"version-history":[{"count":1,"href":"https:\/\/www.soyecoturista.com\/asociacion\/wp-json\/wp\/v2\/posts\/24040\/revisions"}],"predecessor-version":[{"id":48507,"href":"https:\/\/www.soyecoturista.com\/asociacion\/wp-json\/wp\/v2\/posts\/24040\/revisions\/48507"}],"wp:featuredmedia":[{"embeddable":true,"href":"https:\/\/www.soyecoturista.com\/asociacion\/wp-json\/wp\/v2\/media\/40869"}],"wp:attachment":[{"href":"https:\/\/www.soyecoturista.com\/asociacion\/wp-json\/wp\/v2\/media?parent=24040"}],"wp:term":[{"taxonomy":"category","embeddable":true,"href":"https:\/\/www.soyecoturista.com\/asociacion\/wp-json\/wp\/v2\/categories?post=24040"},{"taxonomy":"post_tag","embeddable":true,"href":"https:\/\/www.soyecoturista.com\/asociacion\/wp-json\/wp\/v2\/tags?post=24040"}],"curies":[{"name":"wp","href":"https:\/\/api.w.org\/{rel}","templated":true}]}}