{"id":23944,"date":"2023-07-05T11:30:42","date_gmt":"2023-07-05T09:30:42","guid":{"rendered":"http:\/\/soyecoturismo.hl1223.dinaserver.com\/?p=23944"},"modified":"2023-07-05T11:30:42","modified_gmt":"2023-07-05T09:30:42","slug":"adhesion-montana-de-riano-club-ecoturismo","status":"publish","type":"post","link":"https:\/\/www.soyecoturista.com\/asociacion\/adhesion-montana-de-riano-club-ecoturismo\/","title":{"rendered":"Monta\u00f1a de Ria\u00f1o, primer destino en Castilla y Le\u00f3n en adherirse al Club Ecoturismo en Espa\u00f1a"},"content":{"rendered":"<h4><strong>Monta\u00f1a de Ria\u00f1o y una selecci\u00f3n de empresas tur\u00edsticas se incorporan al Club Ecoturismo en Espa\u00f1a, convirti\u00e9ndose as\u00ed en el primer destino en Castilla y Le\u00f3n en incorporarse a la marca Soy Ecoturista bajo la cual se promociona el producto Ecoturismo en Espa\u00f1a<\/strong><\/h4>\n<p>Las empresas tur\u00edsticas de Monta\u00f1a de Ria\u00f1o participantes en esta iniciativa para impulsar el ecoturismo en el destino -6 alojamientos, 4 empresas de actividades guiadas y 2 agencias de viaje que tambi\u00e9n ofrecen actividades guiadas- han tenido la oportunidad de participar en varias acciones formativas y recibir asesoramiento para el cumplimiento de los requisitos y atributos del producto tur\u00edstico Ecoturismo en Espa\u00f1a. Estas empresas son: <a href=\"https:\/\/www.soyecoturista.com\/asociacion\/ubuntu-aventuras\/\" target=\"_blank\" rel=\"noopener noreferrer\">Ubuntu Aventuras<\/a>, <a href=\"https:\/\/www.soyecoturista.com\/asociacion\/biosfera-aventura\/\" target=\"_blank\" rel=\"noopener noreferrer\">Biosfera Aventura<\/a>, <a href=\"https:\/\/www.soyecoturista.com\/asociacion\/mas-que-pajaros\/\" target=\"_blank\" rel=\"noopener noreferrer\">M\u00e1s que P\u00e1jaros<\/a>, <a href=\"https:\/\/www.soyecoturista.com\/asociacion\/granja-morgovejo-equnaturocio\/\" target=\"_blank\" rel=\"noopener noreferrer\">Granja Morgovejo \u2013 Equnaturocio<\/a>, <a href=\"https:\/\/www.soyecoturista.com\/asociacion\/aveshide\/\" target=\"_blank\" rel=\"noopener noreferrer\">Aveshide<\/a>, <a href=\"https:\/\/www.soyecoturista.com\/asociacion\/wild-watching-spain-actividades\/\" target=\"_blank\" rel=\"noopener noreferrer\">Wildwatching Spain<\/a>, <a href=\"https:\/\/www.soyecoturista.com\/asociacion\/el-casar-del-puente\/\" target=\"_blank\" rel=\"noopener noreferrer\">El Casar del Puente I y II<\/a>, <a href=\"https:\/\/www.soyecoturista.com\/asociacion\/cabanas-patagonicas\/\" target=\"_blank\" rel=\"noopener noreferrer\">Caba\u00f1as Patag\u00f3nicas<\/a>, <a href=\"https:\/\/www.soyecoturista.com\/asociacion\/casas-rurales-de-cain\/\" target=\"_blank\" rel=\"noopener noreferrer\">Casas rurales de Ca\u00edn<\/a>, <a href=\"https:\/\/www.soyecoturista.com\/asociacion\/hotel-tierra-de-la-reina\/\" target=\"_blank\" rel=\"noopener noreferrer\">Hotel Tierra de la Reina<\/a>, <a href=\"https:\/\/www.soyecoturista.com\/asociacion\/verdiago-vive\/\" target=\"_blank\" rel=\"noopener noreferrer\">Verdiago Vive<\/a> y <a href=\"https:\/\/www.soyecoturista.com\/asociacion\/casas-de-montana-alto-curueno\/\" target=\"_blank\" rel=\"noopener noreferrer\">Casas de Monta\u00f1a Alto Curue\u00f1o<\/a>.<\/p>\n<p>Todas estas empresas iniciaron el proceso de incorporaci\u00f3n al Club en noviembre de 2022 tras recibir una formaci\u00f3n sobre las condiciones y requisitos de adhesi\u00f3n y asesoramiento para ayudarlas a cumplir con los requisitos de adhesi\u00f3n que, en su mayor\u00eda, vinculan a las empresas tur\u00edsticas con el ente gestor de los espacios protegidos que alberga Monta\u00f1a de Ria\u00f1o: el Parque Regional Monta\u00f1a de Ria\u00f1o y Mampodre, Parque Nacional Picos de Europa (vertiente leonesa) y la Reserva de la Biosfera Los Arg\u00fcellos.<\/p>\n<p>Durante todo el proceso, financiado a trav\u00e9s del Plan de Sostenibilidad Tur\u00edstica Monta\u00f1a de Ria\u00f1o, se ha contado con la colaboraci\u00f3n con la direcci\u00f3n del Parque Regional Monta\u00f1a de Ria\u00f1o y Mampodre, del Parque Nacional Picos de Europa (vertiente leonesa) y de la Reserva de la Biosfera Los Arg\u00fcellos, as\u00ed como del Servicio de Espacios Naturales, Flora y Fauna de la Direcci\u00f3n General de Patrimonio Natural y Pol\u00edtica Forestal de la Junta de Castilla y Le\u00f3n y la Fundaci\u00f3n Patrimonio Natural de Castilla y Le\u00f3n.<\/p>\n<p>La incorporaci\u00f3n de estas empresas al Club representa un importante compromiso del territorio con el ecoturismo, favoreciendo la creaci\u00f3n de experiencias de ecoturismo singulares para lograr articular una oferta tur\u00edstica atractiva vinculada, especialmente, a experiencias de observaci\u00f3n de fauna salvaje, que genere un turismo de calidad.[vc_single_image image=&#8221;23946&#8243; img_size=&#8221;full&#8221;]<\/p>\n<hr \/>\n<p>Sobre la Asociaci\u00f3n de Ecoturismo en Espa\u00f1a<\/p>\n<p>La Asociaci\u00f3n de Ecoturismo en Espa\u00f1a (AEE) es una asociaci\u00f3n sin \u00e1nimo de lucro creada en 2010 para fomentar el turismo sostenible en los espacios protegidos y compuesta principalmente por asociaciones de empresarios de turismo ubicadas en espacios naturales, entidades gestoras de espacios naturales, administraciones p\u00fablicas implicadas en la gesti\u00f3n tur\u00edstica de \u00e9stos, entidades de innovaci\u00f3n (universidades, fundaciones), empresas de innovaci\u00f3n tur\u00edstica y tecnol\u00f3gica, y empresas tur\u00edsticas comprometidas con la conservaci\u00f3n y el desarrollo local.<\/p>\n<p>La AEE es la entidad que gestiona el Club Ecoturismo en Espa\u00f1a, uno de los clubes de producto tur\u00edsticos apoyados por la Secretar\u00eda de Estado de Turismo desde 2010. Es una iniciativa pionera que ofrece experiencias de ecoturismo en espacios naturales protegidos, garantizando al viajero su contribuci\u00f3n al desarrollo local y a la conservaci\u00f3n de la biodiversidad. Actualmente agrupa 2 destinos y m\u00e1s de 700 empresas que, bajo la marca Soy Ecoturista, asumen su compromiso con el desarrollo sostenible.<a href=\"https:\/\/www.soyecoturista.com\/asociacion\/\" target=\"_blank\" rel=\"noopener noreferrer\">\u00a0www.soyecoturista.com<\/a><\/p>\n","protected":false},"excerpt":{"rendered":"<p>Monta\u00f1a de Ria\u00f1o y una selecci\u00f3n de empresas tur\u00edsticas se incorporan al Club Ecoturismo en Espa\u00f1a, convirti\u00e9ndose as\u00ed en el primer destino en Castilla y Le\u00f3n en incorporarse a la [&hellip;]<\/p>\n","protected":false},"author":2,"featured_media":40865,"comment_status":"open","ping_status":"open","sticky":false,"template":"","format":"standard","meta":{"_acf_changed":false,"footnotes":""},"categories":[4],"tags":[166,11,33,167,16,216,217,106],"class_list":["post-23944","post","type-post","status-publish","format-standard","has-post-thumbnail","hentry","category-noticias","tag-castilla-y-leon","tag-ecoturismo","tag-espacios-protegidos","tag-montana-de-riano","tag-naturaleza","tag-parque-nacional-picos-de-europa","tag-parque-regional-montana-de-riano-y-mampdre","tag-turismo-sostenible"],"acf":[],"_links":{"self":[{"href":"https:\/\/www.soyecoturista.com\/asociacion\/wp-json\/wp\/v2\/posts\/23944","targetHints":{"allow":["GET"]}}],"collection":[{"href":"https:\/\/www.soyecoturista.com\/asociacion\/wp-json\/wp\/v2\/posts"}],"about":[{"href":"https:\/\/www.soyecoturista.com\/asociacion\/wp-json\/wp\/v2\/types\/post"}],"author":[{"embeddable":true,"href":"https:\/\/www.soyecoturista.com\/asociacion\/wp-json\/wp\/v2\/users\/2"}],"replies":[{"embeddable":true,"href":"https:\/\/www.soyecoturista.com\/asociacion\/wp-json\/wp\/v2\/comments?post=23944"}],"version-history":[{"count":0,"href":"https:\/\/www.soyecoturista.com\/asociacion\/wp-json\/wp\/v2\/posts\/23944\/revisions"}],"wp:featuredmedia":[{"embeddable":true,"href":"https:\/\/www.soyecoturista.com\/asociacion\/wp-json\/wp\/v2\/media\/40865"}],"wp:attachment":[{"href":"https:\/\/www.soyecoturista.com\/asociacion\/wp-json\/wp\/v2\/media?parent=23944"}],"wp:term":[{"taxonomy":"category","embeddable":true,"href":"https:\/\/www.soyecoturista.com\/asociacion\/wp-json\/wp\/v2\/categories?post=23944"},{"taxonomy":"post_tag","embeddable":true,"href":"https:\/\/www.soyecoturista.com\/asociacion\/wp-json\/wp\/v2\/tags?post=23944"}],"curies":[{"name":"wp","href":"https:\/\/api.w.org\/{rel}","templated":true}]}}