{"id":22480,"date":"2023-04-25T09:32:50","date_gmt":"2023-04-25T07:32:50","guid":{"rendered":"http:\/\/soyecoturismo.hl1223.dinaserver.com\/?p=22480"},"modified":"2023-04-25T09:32:50","modified_gmt":"2023-04-25T07:32:50","slug":"la-aee-presente-naturewatch-cabaneros","status":"publish","type":"post","link":"https:\/\/www.soyecoturista.com\/asociacion\/la-aee-presente-naturewatch-cabaneros\/","title":{"rendered":"La Asociaci\u00f3n de Ecoturismo en Espa\u00f1a est\u00e1 presente en Naturewatch Caba\u00f1eros"},"content":{"rendered":"<p>El Encuentro Nacional de Turismo de Observaci\u00f3n de la Naturaleza <a href=\"https:\/\/www.encuentronaturewatch.com\/naturewatch\" target=\"_blank\" rel=\"noopener noreferrer\">natureWatch<\/a>, ha viajado hasta el Parque <a href=\"https:\/\/www.lacerca.com\/etiquetas\/1\/nacional%20de%20caba%C3%B1eros\" target=\"_blank\" rel=\"noopener noreferrer\">Nacional de Caba\u00f1eros<\/a> para desarrollar su s\u00e9ptima edici\u00f3n gracias al Plan de Sostenibilidad Tur\u00edstica que est\u00e1 ejecutando la Diputaci\u00f3n de Ciudad Real con la financiaci\u00f3n de la Secretar\u00eda de Estado de Turismo y la Junta de Comunidades de Castilla-La Mancha.<\/p>\n<p><span style=\"font-weight: 400;\">Un encuentro que comenz\u00f3 el pasado jueves en el <\/span><a href=\"https:\/\/www.lacerca.com\/etiquetas\/1\/centro%20de%20recepci%C3%B3n%20de%20visitantes%20del%20parque%20nacional\" target=\"_blank\" rel=\"noopener\"><span style=\"font-weight: 400;\">Centro de Recepci\u00f3n de Visitantes del Parque Nacional<\/span><\/a><span style=\"font-weight: 400;\"> en Horcajo de los Montes, y que tiene como objetivo apoyar el uso del turismo de observaci\u00f3n de la naturaleza como herramienta para el desarrollo socio-econ\u00f3mico sostenible supeditado a la conservaci\u00f3n, ha informado la Diputaci\u00f3n en nota de prensa.<\/span><\/p>\n<p><span style=\"font-weight: 400;\">Para la vicepresidenta responsable de Turismo y Sostenibilidad de la Diputaci\u00f3n de Ciudad Real, Mar\u00eda Jes\u00fas Villaverde, el Parque Nacional de Caba\u00f1eros \u201ces un lugar id\u00f3neo para dar a conocer a nivel nacional la flora y fauna del bosque mediterr\u00e1neo, adem\u00e1s de poder descubrir a sus gentes a trav\u00e9s del ocio, la cultura y la gastronom\u00eda, por lo que agradecemos que la s\u00e9ptima edici\u00f3n de natureWatch se celebre aqu\u00ed\u201d.<\/span><\/p>\n<p><span style=\"font-weight: 400;\">La Asociaci\u00f3n de Ecoturismo en Espa\u00f1a, representada por Jes\u00fas Pozuelo, Vicepresidente de la Asociaci\u00f3n, ha tenido la oportunidad de participar en la mesa redonda sobre el papel de las asociaciones tur\u00edsticas locales y regionales para el impulso del ecoturismo en espacios protegidos, en la que tambi\u00e9n participaron la Asociaci\u00f3n de Empresarios Tur\u00edsticos de Horcajo de los Montes, la Asociaci\u00f3n de Ecoturismo de Caba\u00f1eros y la Asociaci\u00f3n Regional de turismo activo y ecoturismo.<\/span><\/p>\n<p><span style=\"font-weight: 400;\">Dentro del encuentro y previo a la presentaci\u00f3n, por la ma\u00f1ana se desarroll\u00f3 una actividad de educaci\u00f3n ambiental con 50 estudiantes del <\/span><a href=\"https:\/\/www.lacerca.com\/etiquetas\/1\/instituto%20de%20educaci%C3%B3n%20secundaria%20montes%20de%20caba%C3%B1eros%20de%20horcajo%20de%20los%20montes\" target=\"_blank\" rel=\"noopener\"><span style=\"font-weight: 400;\">Instituto de Educaci\u00f3n Secundaria Montes de Caba\u00f1eros de Horcajo de los Montes<\/span><\/a><span style=\"font-weight: 400;\">, quienes realizaron una ruta de senderismo y un taller de dibujo.<\/span><\/p>\n<p><span style=\"font-weight: 400;\">Respecto a la presentaci\u00f3n de por la tarde, al encuentro acudieron un total de 50 profesionales del sector procedentes de toda Espa\u00f1a, desde el sector profesional tur\u00edstico y medioambiental hasta el viajero interesado en la naturaleza y el ecoturismo. \u201cUna oportunidad \u00fanica para que decenas de personas conozcan de primera mano c\u00f3mo es nuestro parque e intercambien opiniones y experiencias\u201d, destacaba <\/span><a href=\"https:\/\/www.lacerca.com\/etiquetas\/1\/%C3%A1ngel%20g%C3%B3mez\" target=\"_blank\" rel=\"noopener\"><span style=\"font-weight: 400;\">\u00c1ngel G\u00f3mez<\/span><\/a><span style=\"font-weight: 400;\">, Director del Parque Nacional de Caba\u00f1eros.<\/span><\/p>\n<p><span style=\"font-weight: 400;\">Durante tres d\u00edas, los asistentes descubrieron las claves de algunos productos ecotur\u00edsticos ejemplares, saliendo al campo acompa\u00f1ados de expertos para disfrutar del bosque mediterr\u00e1neo en uno de sus enclaves mejor conservados a nivel peninsular, el Parque Nacional de Caba\u00f1eros, adem\u00e1s de debatir acerca de las mejores formas de ordenar y hacer compatible esta actividad con la conservaci\u00f3n de la naturaleza y otras actividades tradicionales atendiendo a la problem\u00e1tica del sector en busca de soluciones. Las buenas pr\u00e1cticas, la sostenibilidad y el turismo responsable ser\u00e1n los t\u00e9rminos de uso com\u00fan a lo largo del encuentro.<\/span><\/p>\n<p>Adem\u00e1s, durante naturewatch se hizo entrega del certificado de la Fase III de la Carta Europea de Turismo Sostenible a la agencia de viajes Destinos Manchegos, tambi\u00e9n adherida al Club Ecoturismo en Espa\u00f1a.<\/p>\n<p><img loading=\"lazy\" decoding=\"async\" class=\"aligncenter wp-image-22489 size-full\" src=\"https:\/\/www.soyecoturista.com\/wp-content\/uploads\/2023\/04\/destinos-manchegos-2-002.jpg\" alt=\"\" width=\"960\" height=\"720\" \/><\/p>\n<p><span style=\"font-weight: 400;\">En t\u00e9rminos generales, para <\/span><a href=\"https:\/\/www.lacerca.com\/etiquetas\/1\/luis%20frechilla\" target=\"_blank\" rel=\"noopener\"><span style=\"font-weight: 400;\">Luis Frechilla<\/span><\/a><span style=\"font-weight: 400;\">, organizador de natureWatch, \u201clos asistentes tuvieron la oportunidad de combinar sesiones te\u00f3ricas con actividades l\u00fadicas y al aire libre, disfrutando del Parque Nacional y descubriendo tanto sus valores como su alto potencial a nivel de turismo de observaci\u00f3n de naturaleza\u201d.<\/span><\/p>\n<p><span style=\"font-weight: 400;\">Por otra parte, para la Responsable del \u00c1rea de Nuevos Productos Tur\u00edsticos de la Secretar\u00eda de Estado de Turismo, <\/span><a href=\"https:\/\/www.lacerca.com\/etiquetas\/1\/inmaculada%20aguado\" target=\"_blank\" rel=\"noopener\"><span style=\"font-weight: 400;\">Inmaculada Aguado<\/span><\/a><span style=\"font-weight: 400;\">, \u201ces un gran reto preservar todo el rico patrimonio natural que tiene Espa\u00f1a y a la vez conseguir m\u00e1s turistas. Tenemos que trabajar todos juntos, tanto autoridades p\u00fablicas como los agentes econ\u00f3micos y sociales del destino, por lo que en este encuentro esperamos aprender, escuchar los retos del sector y buscar soluciones en com\u00fan\u201d.<\/span><\/p>\n<p><span style=\"font-weight: 400;\">El encuentro natureWatch Caba\u00f1eros 2023 se enmarca en la l\u00ednea de actuaci\u00f3n 4 de \u201cOferta y Desarrollo de Producto\u201d del Plan de Sostenibilidad Tur\u00edstica en el Parque Nacional de Caba\u00f1eros que ejecuta Diputaci\u00f3n de Ciudad Real y que financia junto con el apoyo del <\/span><a href=\"https:\/\/www.lacerca.com\/etiquetas\/1\/gobierno%20de%20espa%C3%B1a\" target=\"_blank\" rel=\"noopener\"><span style=\"font-weight: 400;\">Gobierno de Espa\u00f1a<\/span><\/a><span style=\"font-weight: 400;\"> bajo la <\/span><a href=\"https:\/\/www.lacerca.com\/etiquetas\/1\/secretar%C3%ADa%20de%20estado%20de%20turismo%20y%20el%20gobierno%20regional\" target=\"_blank\" rel=\"noopener\"><span style=\"font-weight: 400;\">Secretar\u00eda de Estado de Turismo y el Gobierno Regional<\/span><\/a><span style=\"font-weight: 400;\"> bajo la Consejer\u00eda de Econom\u00eda, Empresas y Empleo y la colaboraci\u00f3n del Parque Nacional de Caba\u00f1eros.<\/span>[vc_images_carousel images=&#8221;22491,22486,22484,22485,22483,22490&#8243; img_size=&#8221;full&#8221;]<\/p>\n<hr \/>\n<p><strong>Sobre el Club Ecoturismo en Espa\u00f1a<\/strong><\/p>\n<p>El Club Ecoturismo en Espa\u00f1a, uno de los clubes de producto tur\u00edstico apoyados por la Secretar\u00eda de Estado de Turismo desde 2010, es una iniciativa pionera que ofrece experiencias de aut\u00e9ntico ecoturismo en espacios protegidos, garantizando al viajero su contribuci\u00f3n al desarrollo local y a la conservaci\u00f3n de la biodiversidad. Actualmente agrupa 22 destinos y m\u00e1s de 520 empresas que, bajo la marca y web www.SoyEcoturista.com, ponen en valor su compromiso con el desarrollo sostenible.<\/p>\n","protected":false},"excerpt":{"rendered":"<p>El Encuentro Nacional de Turismo de Observaci\u00f3n de la Naturaleza natureWatch, ha viajado hasta el Parque Nacional de Caba\u00f1eros para desarrollar su s\u00e9ptima edici\u00f3n gracias al Plan de Sostenibilidad Tur\u00edstica [&hellip;]<\/p>\n","protected":false},"author":2,"featured_media":40123,"comment_status":"open","ping_status":"open","sticky":false,"template":"","format":"standard","meta":{"_acf_changed":false,"footnotes":""},"categories":[4],"tags":[],"class_list":["post-22480","post","type-post","status-publish","format-standard","has-post-thumbnail","hentry","category-noticias"],"acf":[],"_links":{"self":[{"href":"https:\/\/www.soyecoturista.com\/asociacion\/wp-json\/wp\/v2\/posts\/22480","targetHints":{"allow":["GET"]}}],"collection":[{"href":"https:\/\/www.soyecoturista.com\/asociacion\/wp-json\/wp\/v2\/posts"}],"about":[{"href":"https:\/\/www.soyecoturista.com\/asociacion\/wp-json\/wp\/v2\/types\/post"}],"author":[{"embeddable":true,"href":"https:\/\/www.soyecoturista.com\/asociacion\/wp-json\/wp\/v2\/users\/2"}],"replies":[{"embeddable":true,"href":"https:\/\/www.soyecoturista.com\/asociacion\/wp-json\/wp\/v2\/comments?post=22480"}],"version-history":[{"count":0,"href":"https:\/\/www.soyecoturista.com\/asociacion\/wp-json\/wp\/v2\/posts\/22480\/revisions"}],"wp:featuredmedia":[{"embeddable":true,"href":"https:\/\/www.soyecoturista.com\/asociacion\/wp-json\/wp\/v2\/media\/40123"}],"wp:attachment":[{"href":"https:\/\/www.soyecoturista.com\/asociacion\/wp-json\/wp\/v2\/media?parent=22480"}],"wp:term":[{"taxonomy":"category","embeddable":true,"href":"https:\/\/www.soyecoturista.com\/asociacion\/wp-json\/wp\/v2\/categories?post=22480"},{"taxonomy":"post_tag","embeddable":true,"href":"https:\/\/www.soyecoturista.com\/asociacion\/wp-json\/wp\/v2\/tags?post=22480"}],"curies":[{"name":"wp","href":"https:\/\/api.w.org\/{rel}","templated":true}]}}