{"id":21192,"date":"2022-11-15T12:02:02","date_gmt":"2022-11-15T11:02:02","guid":{"rendered":"http:\/\/soyecoturismo.hl1223.dinaserver.com\/?p=21192"},"modified":"2022-11-15T12:02:02","modified_gmt":"2022-11-15T11:02:02","slug":"famtrip-nueve-operadores-internacionales-eoparque-subbetica-granada","status":"publish","type":"post","link":"https:\/\/www.soyecoturista.com\/asociacion\/famtrip-nueve-operadores-internacionales-eoparque-subbetica-granada\/","title":{"rendered":"9 operadores tur\u00edsticos internacionales visitan el Geoparque de las Sierras Subb\u00e9ticas y el Geoparque de Granada"},"content":{"rendered":"<div class=\"entradilla-wrapper\">\n<div class=\"entradilla\">\n<p>Nueve operadores tur\u00edsticos internacionales especializados en ecoturismo visitaron el Geoparque de las Sierras Subb\u00e9ticas y el Geoparque de Granada en un famtrip organizado desde el 8 al 13 de noviembre en el marco de la colaboraci\u00f3n del Club de Ecoturismo con Turespa\u00f1a, apoyado por los destinos a trav\u00e9s del Patronato de Turismo de Granada, Patronato de Turismo de C\u00f3rdoba, as\u00ed como Turismo Andaluz.<\/p>\n<p>Estos operadores acudieron desde pa\u00edses como Reino Unido, Alemania, Rep\u00fablica Checa y B\u00e9lgica, interesados en conocer de primera mano el producto ecotur\u00edstico de estos dos Geoparques, que tras su llegada el pasado d\u00eda 8 y durante seis d\u00edas, tuvieron la oportunidad de vivir una agenda llena de actividades y experiencias que no dejaron indiferente a ninguno de ellos.<\/p>\n<p><span style=\"font-weight: 400;\">El programa del viaje de familiarizaci\u00f3n ha sido dise\u00f1ado para que los agentes puedan conocer una buena cantidad de territorio y de productos tur\u00edsticos con el objetivo de que integren en sus paquetes ambos destinos adheridos al Club de Ecoturismo en Espa\u00f1a, incentivando la comercializaci\u00f3n en estos territorios. <\/span><\/p>\n<p><strong>El programa comenz\u00f3 en el Geoparque de las Sierras Subb\u00e9ticas<\/strong><\/p>\n<p>El programa arranc\u00f3 el pasado martes d\u00eda 8 en Priego de C\u00f3rdoba, con una visita a los puntos de inter\u00e9s m\u00e1s emblem\u00e1ticos del municipio seguida esa misma tarde por una cata de aceites con denominaci\u00f3n de origen en <a href=\"https:\/\/www.soyecoturista.com\/asociacion\/aceites_vizcantar\/\">Aceites Vizcantar.<\/a><\/p>\n<p>Al d\u00eda siguiente, mi\u00e9rcoles, se realiz\u00f3 una ruta en bicicleta por la V\u00eda Verde del aceite desde el municipio de Do\u00f1a Menc\u00eda, donde pudieron disfrutar de las maravillosas vistas que ofrecen los distintos miradores del recorrido, as\u00ed como una degustaci\u00f3n de queso org\u00e1nico y visita a la cueva de los murci\u00e9lagos. Posteriormente descansaron en el <a href=\"https:\/\/www.soyecoturista.com\/asociacion\/cortijo-de-frias\/\">Cortijo de Fr\u00edas.<\/a><\/p>\n<p>El viaje por la Subb\u00e9tica finaliz\u00f3 el jueves d\u00eda 10, tras desayuno en el mismo alojamiento con un recorrido geol\u00f3gico por el municipio de Cabra, en el coraz\u00f3n del Geoparque de las Sierras Subb\u00e9ticas. Tras esta visita grupo abandon\u00f3 este destino para dirigirse hacia Castril, en la provincia de Granada.<\/p>\n<p><strong>Las jornadas continuaron en el Geoparque de Granada<\/strong><\/p>\n<p>De camino a Castril, el grupo realiz\u00f3 una parada para visitar el mirador del embalse del Negrat\u00edn, un espect\u00e1culo visual tras el cual siguieron la ruta hasta llegar a la siguiente parada: Ruta de senderismo por las pasarelas del R\u00edo Castril y subida al castillo de Castril. Posteriormente se trasladaron hasta Benal\u00faa de Guadix, donde pudieron descansar en las <a href=\"https:\/\/www.soyecoturista.com\/asociacion\/cuevas-la-granja\/\">Cuevas La Granja<\/a>, ejemplo de la vivienda m\u00e1s t\u00edpica de la tradici\u00f3n granadina.<\/p>\n<p>A la ma\u00f1ana siguiente, comenzaron el d\u00eda disfrutando de un viaje en globo con <a href=\"https:\/\/www.soyecoturista.com\/asociacion\/glovento-sur\/\">Glovento Sur<\/a>, actividad id\u00f3nea para conocer a vista de p\u00e1jaro la riqueza paisaj\u00edstica y geol\u00f3gica del Geoparque de Granada, descubriendo desde las alturas sus desiertos y los famosos badlands que lo caracterizan. Tras la experiencia, recibieron un diploma del vuelo y se trasladaron hasta el Mirador del Fin del Mundo con su gu\u00eda, Maria Teresa Madrona, para realizar una interpretaci\u00f3n del territorio in situ.<\/p>\n<p>Como parte de este famtrip, y durante esa misma ma\u00f1ana del viernes, acudieron al Workshop de comercializaci\u00f3n organizado en las <a href=\"https:\/\/www.soyecoturista.com\/asociacion\/cuevas-del-tio-tobas\/\">Cuevas del T\u00edo Tobas<\/a>, donde diez empresas de diversa \u00edndole del Geoparque les esperaban con el objetivo de dar a conocer su potencial y ser parte de los futuros paquetes tur\u00edsticos gestionados por estos operadores. \u00a0Despu\u00e9s de este encuentro, se realiz\u00f3 un taller de elaboraci\u00f3n de pan en las instalaciones de Tr\u00f3polis, tras el cual acab\u00f3 la jornada.<\/p>\n<\/div>\n<\/div>\n<div class=\"entradilla-wrapper\">\n<div class=\"entradilla\">\n<p>El \u00faltimo d\u00eda, s\u00e1bado 12, despu\u00e9s de una visita t\u00e9cnica a las instalaciones del centro de interpretaci\u00f3n y centro etnogr\u00e1fico de <a href=\"https:\/\/www.soyecoturista.com\/asociacion\/cuevas-almagruz\/\">Cuevas Almagruz<\/a>, realizaron una visita guiada por el acueducto y d\u00f3lmenes que rodean el entorno del Balneario de Alic\u00fan, partiendo posteriormente al Centro de Interpretaci\u00f3n Megal\u00edtica de Gorafe. La aventura continu\u00f3 con una ruta en 4&#215;4 por el Desierto de los Coloraos con <a href=\"https:\/\/www.soyecoturista.com\/asociacion\/goyo-garrido-adventures\/\">Goyo Garrido Adventures<\/a>, y finaliz\u00f3 con una cena y astroturismo en el complejo astron\u00f3mico de Los Coloraos con los profesionales de <a href=\"https:\/\/www.soyecoturista.com\/asociacion\/turismo-astronomico-andalucia\/\">Turismo Astron\u00f3mico Andaluc\u00eda.<\/a><\/p>\n<\/div>\n<\/div>\n<p>Los responsables de las agencias participantes, que cuentan con una larga experiencia y notable volumen de clientes, han quedado muy satisfechas con la inspecci\u00f3n y, sobre todo, sorprendidas de la calidad y el potencial tanto del Geoparque de las Sierras Subb\u00e9ticas, como del Geoparque de Granada.<strong>Sobre el Club Ecoturismo en Espa\u00f1a<\/strong><\/p>\n<p>El Club Ecoturismo en Espa\u00f1a es uno de los clubes de productos tur\u00edsticos nacionales apoyados por la Secretar\u00eda de Estado de Turismo (SETUR). Es una iniciativa pionera que ofrece experiencias de ecoturismo en espacios naturales protegidos, garantizando al viajero su contribuci\u00f3n al desarrollo local y a la conservaci\u00f3n de la biodiversidad. Los destinos y empresas que forman parte del Club cumplen una serie de requisitos de calidad y sostenibilidad. Actualmente agrupa 18 destinos y 470 empresas que se promocionan bajo la marca y el portal <a href=\"https:\/\/www.soyecoturista.com\/asociacion\">www.soyecoturista.com<\/a><\/p>\n","protected":false},"excerpt":{"rendered":"<p>Nueve operadores tur\u00edsticos internacionales especializados en ecoturismo visitaron el Geoparque de las Sierras Subb\u00e9ticas y el Geoparque de Granada en un famtrip organizado desde el 8 al 13 de noviembre [&hellip;]<\/p>\n","protected":false},"author":2,"featured_media":39636,"comment_status":"open","ping_status":"open","sticky":false,"template":"","format":"standard","meta":{"_acf_changed":false,"footnotes":""},"categories":[4],"tags":[11,33,16],"class_list":["post-21192","post","type-post","status-publish","format-standard","has-post-thumbnail","hentry","category-noticias","tag-ecoturismo","tag-espacios-protegidos","tag-naturaleza"],"acf":[],"_links":{"self":[{"href":"https:\/\/www.soyecoturista.com\/asociacion\/wp-json\/wp\/v2\/posts\/21192","targetHints":{"allow":["GET"]}}],"collection":[{"href":"https:\/\/www.soyecoturista.com\/asociacion\/wp-json\/wp\/v2\/posts"}],"about":[{"href":"https:\/\/www.soyecoturista.com\/asociacion\/wp-json\/wp\/v2\/types\/post"}],"author":[{"embeddable":true,"href":"https:\/\/www.soyecoturista.com\/asociacion\/wp-json\/wp\/v2\/users\/2"}],"replies":[{"embeddable":true,"href":"https:\/\/www.soyecoturista.com\/asociacion\/wp-json\/wp\/v2\/comments?post=21192"}],"version-history":[{"count":0,"href":"https:\/\/www.soyecoturista.com\/asociacion\/wp-json\/wp\/v2\/posts\/21192\/revisions"}],"wp:featuredmedia":[{"embeddable":true,"href":"https:\/\/www.soyecoturista.com\/asociacion\/wp-json\/wp\/v2\/media\/39636"}],"wp:attachment":[{"href":"https:\/\/www.soyecoturista.com\/asociacion\/wp-json\/wp\/v2\/media?parent=21192"}],"wp:term":[{"taxonomy":"category","embeddable":true,"href":"https:\/\/www.soyecoturista.com\/asociacion\/wp-json\/wp\/v2\/categories?post=21192"},{"taxonomy":"post_tag","embeddable":true,"href":"https:\/\/www.soyecoturista.com\/asociacion\/wp-json\/wp\/v2\/tags?post=21192"}],"curies":[{"name":"wp","href":"https:\/\/api.w.org\/{rel}","templated":true}]}}