{"id":20153,"date":"2022-10-04T16:57:56","date_gmt":"2022-10-04T14:57:56","guid":{"rendered":"http:\/\/soyecoturismo.hl1223.dinaserver.com\/ecoturismo-en-el-parque-natural-de-redes-copy\/"},"modified":"2022-10-04T16:57:56","modified_gmt":"2022-10-04T14:57:56","slug":"ecoturismo-en-fuentes-del-narcea","status":"publish","type":"post","link":"https:\/\/www.soyecoturista.com\/asociacion\/ecoturismo-en-fuentes-del-narcea\/","title":{"rendered":"Ecoturismo en Fuentes del Narcea"},"content":{"rendered":"<p><span style=\"font-weight: 400;\">El para\u00edso te espera en el Norte. Hablamos del Parque Natural Fuentes del Narcea, Dega\u00f1a e Ibias. Este enclave alberga un patrimonio natural y etnogr\u00e1fico de alt\u00edsimo inter\u00e9s. Desde el punto de vista natural, destacan sus bosques caducifolios atl\u00e1nticos y de monta\u00f1a, especialmente sus robledales, que tienen en la reserva de Muniellos su mejor expresi\u00f3n.<\/span><\/p>\n<p><span style=\"font-weight: 400;\">Fuentes del Narcea est\u00e1 considerado un santuario de la fauna amenazada cant\u00e1brica, puesto que aqu\u00ed se encuentran algunas de las mejores poblaciones de oso pardo y urogallo cant\u00e1brico, adem\u00e1s de importantes poblaciones de lobo. Existen adem\u00e1s, muestras de modelado glaciar, con presencia de numerosas cubetas de excavaci\u00f3n y extensos canchales y pedreras. En algunas de estas cubetas se asientan turberas y peque\u00f1as lagunas, como las de Arb\u00e1s, Fuentes del Narcea, Chag\u00fce\u00f1os o Fasgueo.<\/span><\/p>\n<p><span style=\"font-weight: 400;\">Visitar este Parque Natural te permite conectar con sus ancestrales tradiciones vinculadas a las actividades forestales y agro ganaderas han dado lugar a numerosas manifestaciones etnogr\u00e1ficas: cortines y talameiros, las bra\u00f1as ganaderas o la artesan\u00eda cunqueira y la jerga tixeira (una jerga gremial asociada al oficio de los cunqueiros). Adem\u00e1s podr\u00e1s descubrir en perfecto estado de conservaci\u00f3n, la \u00fanica zona vitivin\u00edcola de la cornisa cant\u00e1brica que en los \u00faltimos a\u00f1os est\u00e1 experimentando un importante desarrollo y reconocimiento.<\/span><\/p>\n<p>&nbsp;<\/p>\n<h2><strong>D\u00f3nde alojarse en Fuentes del Narcea<\/strong><\/h2>\n<h3><b>Casa Mart\u00edn<\/b><\/h3>\n<p><img loading=\"lazy\" decoding=\"async\" class=\"\" src=\"https:\/\/www.soyecoturista.com\/wp-content\/uploads\/2022\/06\/apartamentos-rurales-casa-martin-2.jpg\" width=\"351\" height=\"263\" \/><\/p>\n<p><span style=\"font-weight: 400;\">Los apartamentos rurales <\/span><a href=\"https:\/\/www.soyecoturista.com\/asociacion\/casa-martin\/\"><span style=\"font-weight: 400;\">\u00abCasa Mart\u00edn\u00bb<\/span><\/a><span style=\"font-weight: 400;\"> son un conjunto rural situado en el pueblo de Fondos de Vega, en el municipio de Dega\u00f1a, con vistas al bosque de Muniellos, en pleno coraz\u00f3n del parque, y situada\u00a0 en una finca atravesada por el r\u00edo Ibias.\u00a0<\/span><\/p>\n<p><span style=\"font-weight: 400;\">Rodeados de una naturaleza de incalculable valor y belleza, este conjunto rural m\u00e1s que unos apartamentos, es una filosof\u00eda de vida, que invitan al descanso, saborear la naturaleza, todo con el sabor de otros tiempos.<\/span><\/p>\n<h3><\/h3>\n<h3><b>Casa de Aldea La Pescal<\/b><\/h3>\n<p><img loading=\"lazy\" decoding=\"async\" class=\"\" src=\"https:\/\/www.soyecoturista.com\/wp-content\/uploads\/2020\/12\/IMG_20190908_121224-1038x779.jpg\" width=\"362\" height=\"272\" \/><\/p>\n<p><a href=\"https:\/\/www.soyecoturista.com\/asociacion\/casa-aldea-la-pescal\/\"><span style=\"font-weight: 400;\">Casa de aldea La Pescal<\/span><\/a><span style=\"font-weight: 400;\"> es una acogedora casa de arquitectura tradicional ubicada en La Pescal, una peque\u00f1a aldea rural dentro del Parque Natural de Fuentes del Narcea y fue construida en 1900 siendo el Bar\/tienda que abastec\u00eda a los pueblos del entorno durante muchos a\u00f1os. Pas\u00f3 a ser Fonda en los a\u00f1os 90 y recientemente se reform\u00f3 y cambi\u00f3 de actividad para ser Casa de Aldea. En la reforma se quiso mantener la esencia de su historia y por eso se integra en su decoraci\u00f3n parte del mobiliario original de la casa.<\/span><\/p>\n<h3><\/h3>\n<h3><b>Casa Mario<\/b><\/h3>\n<p><img loading=\"lazy\" decoding=\"async\" class=\"\" src=\"https:\/\/www.soyecoturista.com\/wp-content\/uploads\/2016\/03\/IMG_9184.jpg\" width=\"367\" height=\"244\" \/><\/p>\n<p><a href=\"https:\/\/www.soyecoturista.com\/asociacion\/casa-mario\/\"><span style=\"font-weight: 400;\">Casa Mario<\/span><\/a><span style=\"font-weight: 400;\"> es una casa de aldea situada a 5 kms de la exclusiva Reserva Natural Integral de Muniellos, dentro del mismo Parque, que preserva la esencia de las casa de pueblo del suroccidente asturiano.\u00a0<\/span><\/p>\n<p><span style=\"font-weight: 400;\">En el coraz\u00f3n de Posada de Rengos, a 17 kms\u00a0 de Cangas del Narcea y rodeada de historia y silencio, la antigua corrada (patio) que la acoge conserva el horno de pan de le\u00f1a, todav\u00eda en funcionamiento y un h\u00f3rreo bicentenario bajo el que disfrutar\u00e1s de inolvidables veladas.<\/span><\/p>\n<h3><\/h3>\n<h3><b>La Pumarada de Lim\u00e9s<\/b><\/h3>\n<p><img loading=\"lazy\" decoding=\"async\" class=\"\" src=\"https:\/\/www.soyecoturista.com\/wp-content\/uploads\/2016\/03\/P2-229_Fotograf%C3%ADa_baja-22.jpg\" width=\"364\" height=\"201\" \/><\/p>\n<p><a href=\"https:\/\/www.soyecoturista.com\/asociacion\/la-pumarada-de-limes\/\"><span style=\"font-weight: 400;\">La Pumarada de Lim\u00e9s<\/span><\/a><span style=\"font-weight: 400;\"> es una acogedora casa rural de arquitectura tradicional situada a solo 3 km de la villa de Cangas del Narcea y a 20 km de Muniellos. Est\u00e1 reformada totalmente a finales del a\u00f1o 2005 empleando exclusivamente maderas aut\u00f3ctonas, materiales nobles y una decoraci\u00f3n acorde con el magn\u00edfico entorno natural que brinda al visitante un ambiente confortable y apacible.<\/span><\/p>\n<h3><\/h3>\n<h3><b>La Artesana de Posada<\/b><\/h3>\n<p><img loading=\"lazy\" decoding=\"async\" class=\"\" src=\"https:\/\/www.soyecoturista.com\/wp-content\/uploads\/2016\/03\/fachada.jpg\" width=\"363\" height=\"270\" \/><\/p>\n<p><a href=\"https:\/\/www.soyecoturista.com\/asociacion\/la-artesana\/\"><span style=\"font-weight: 400;\">La Artesana<\/span><\/a><span style=\"font-weight: 400;\"> est\u00e1 distribuida en 4 apartamentos individuales, con diferente capacidad, ideales para alojar tanto a familias como a parejas o grupos. Est\u00e1n totalmente equipados y cuidadosamente decorados para conseguir una perfecta armon\u00eda entre el estilo r\u00fastico asturiano y las comodidades de hoy en d\u00eda. En el edificio contiguo encuentras un bar-tienda y restaurante.<\/span><\/p>\n<h3><\/h3>\n<h3><b>El Balc\u00f3n de Muniellos<\/b><\/h3>\n<p><img loading=\"lazy\" decoding=\"async\" class=\"\" src=\"https:\/\/www.soyecoturista.com\/wp-content\/uploads\/2016\/03\/P02_96-2.jpg\" width=\"354\" height=\"265\" \/><\/p>\n<p><span style=\"font-weight: 400;\">El <\/span><a href=\"https:\/\/www.soyecoturista.com\/asociacion\/el-balcon-de-muniellos\/\"><span style=\"font-weight: 400;\">Balc\u00f3n de Muniellos<\/span><\/a><span style=\"font-weight: 400;\"> es una antigua escuela rural de la localidad de Oballo reformada respetando la tipolog\u00eda constructiva de la zona y empleando para ello materiales tradicionales como la piedra, madera y pizarra, y acondicionada como apartamentos rurales. Si bien, se ha dotado a todas las instalaciones de los m\u00e1s modernos servicios para que su estancia sea lo m\u00e1s acogedora posible.<\/span><\/p>\n<h3><\/h3>\n<h3><b>Hotel Rural Genestoso<\/b><\/h3>\n<p><img loading=\"lazy\" decoding=\"async\" class=\"\" src=\"https:\/\/www.soyecoturista.com\/wp-content\/uploads\/2020\/12\/genestoso.jpg\" width=\"359\" height=\"265\" \/><\/p>\n<p><span style=\"font-weight: 400;\">El <\/span><a href=\"https:\/\/www.soyecoturista.com\/asociacion\/hotel-rural-genestoso\/\"><span style=\"font-weight: 400;\">Hotel Rural Genestoso<\/span><\/a><span style=\"font-weight: 400;\"> se encuentra ubicado en el pueblo de Genestoso\/Xienestosu, es el resultado de la restauraci\u00f3n de una antigua casona de labranza t\u00edpica de la zona con m\u00e1s de 100 a\u00f1os reformada en su totalidad en 1997, respetando tanto\u00a0 la arquitectura como la piedra y madera original en su restauraci\u00f3n.<\/span><\/p>\n<p><span style=\"font-weight: 400;\">Est\u00e1 enclavado en un valle a 1200 m de altura y rodeado de altas cumbres por donde poder realizar rutas de media y alta monta\u00f1a, as\u00ed como senderos que transcurren por el valle. Adem\u00e1s, se realiza uno de los quesos m\u00e1s antiguos de Asturias, el Queso Xienestosu, y que hoy en d\u00eda solo es elaborado de forma tradicional y artesanal por una persona.<\/span><\/p>\n<h3><\/h3>\n<h3><b>Apartamentos Rurales Casa Xepo<\/b><\/h3>\n<p><img loading=\"lazy\" decoding=\"async\" class=\"\" src=\"https:\/\/www.soyecoturista.com\/wp-content\/uploads\/2020\/12\/IMG_20190714_175506-1038x779.jpg\" width=\"367\" height=\"275\" \/><\/p>\n<p><a href=\"https:\/\/www.soyecoturista.com\/asociacion\/apartamentos-rurales-casa-xepo\/\"><span style=\"font-weight: 400;\">Apartamentos Rurales Casa Xepo<\/span><\/a><span style=\"font-weight: 400;\"> son unos confortables apartamentos rurales en Rengos, dentro del Parque Natural de Fuentes del Narcea. El centenario edificio que alberga los apartamentos fue rehabilitado en 2003 y se encuentra en una zona tranquila y frente a un peque\u00f1o r\u00edo que desemboca en el Narcea. Los apartamentos destacan por una amplitud excepcional y una decoraci\u00f3n especialmente cuidada que mantiene muebles propios de la casa.<\/span><\/p>\n<h3><\/h3>\n<h3><b>Apartamentos Rurales La Cabana\u2019l Cachic\u00e1n<\/b><\/h3>\n<p><img loading=\"lazy\" decoding=\"async\" class=\"\" src=\"https:\/\/www.soyecoturista.com\/wp-content\/uploads\/2020\/12\/Verdejo.jpg\" width=\"396\" height=\"396\" \/><\/p>\n<p><a href=\"https:\/\/www.soyecoturista.com\/asociacion\/apartamentos-rurales-la-cabanal-cachican\/\"><span style=\"font-weight: 400;\">La Cabana\u00b4l Cachic\u00e1n<\/span><\/a><span style=\"font-weight: 400;\"> se encuentra a 1\u00b45 km de la Villa de Cangas del Narcea, en un entorno natural incomparable, y enclavados en la mayor extensi\u00f3n de vi\u00f1edos de la Comarca. Adem\u00e1s, la finca tiene una gran variedad de \u00e1rboles frutales donde el cliente puede degustar de sus frutos seg\u00fan temporada.<\/span><\/p>\n<p><span style=\"font-weight: 400;\">El edificio fue un antiguo almac\u00e9n de aperos de labranza que ha sido rehabilitado respetando al m\u00e1ximo los elementos tradicionales de la zona y donde se distribuyen tres espacios diferentes que llevan el nombre de la variedades de uva aut\u00f3ctonas de la zona: Carrasqu\u00edn, Albar\u00edn y Verdejo.<\/span><\/p>\n<h3><\/h3>\n<h3><b>Apartamentos Rurales Sierra<\/b><\/h3>\n<p><img loading=\"lazy\" decoding=\"async\" class=\"\" src=\"https:\/\/www.soyecoturista.com\/wp-content\/uploads\/2016\/03\/P2-222_Fotograf%C3%ADa_alta-1-1038x565.jpg\" width=\"382\" height=\"208\" \/><\/p>\n<p><a href=\"https:\/\/www.soyecoturista.com\/asociacion\/apartamentos-rurales-sierra\/\"><span style=\"font-weight: 400;\">Apartamentos Sierra<\/span><\/a><span style=\"font-weight: 400;\"> es una casa rural con todas las comodidades y el confort m\u00e1s moderno. Un entorno m\u00e1gico, verde y rebosante de vida en una edificaci\u00f3n con m\u00e1s de 250 a\u00f1os de antig\u00fcedad. Dedicada hasta hace 15 a\u00f1os a la agricultura local, fue reformada con todas las comodidades hasta lograr una edificaci\u00f3n respetuosa con el medioambiente.<\/span><\/p>\n<h3><\/h3>\n<h3><b>Apartamentos Chacal\u00edn<\/b><\/h3>\n<p><img loading=\"lazy\" decoding=\"async\" class=\"\" src=\"https:\/\/www.soyecoturista.com\/wp-content\/uploads\/2016\/03\/Apartamentos-Chacalin.jpg\" width=\"385\" height=\"289\" \/><\/p>\n<p><a href=\"https:\/\/www.soyecoturista.com\/asociacion\/apartamentos-chacalin\/\"><span style=\"font-weight: 400;\">Apartamentos Chacal\u00edn <\/span><\/a><span style=\"font-weight: 400;\">\u00a0es una antigua casa rehabilitada situada en un pueblo con maravillosas vistas, cerca del centro de Cangas del Narcea (a 3 km), en un entorno cercano a la naturaleza y tranquilo, en el coraz\u00f3n del Parque Natural Fuentes del Narcea, Dega\u00f1a e Ibias. Un lugar id\u00f3neo para descansar, pasear, conocer las costumbres de la gente de la zona, hacer rutas a pie, en bicicleta de monta\u00f1a, conocer alguna ganader\u00eda que hay en el pueblo, etc.<\/span><\/p>\n<h3><\/h3>\n<h3><b>Cam\u00edn de Muniellos Apartamentos Rurales<\/b><\/h3>\n<p><img loading=\"lazy\" decoding=\"async\" class=\"\" src=\"https:\/\/www.soyecoturista.com\/wp-content\/uploads\/2016\/03\/soy-ecoturista-12.jpg\" width=\"388\" height=\"291\" \/><\/p>\n<p><a href=\"https:\/\/www.soyecoturista.com\/asociacion\/camin-de-muniellos-apartamentos-rurales\/\"><span style=\"font-weight: 400;\">Cam\u00edn de Muniellos<\/span><\/a><span style=\"font-weight: 400;\"> es una casa de tradici\u00f3n asturiana que alberga tres excelentes apartamentos que combinan una arquitectura r\u00fastica con todo el confort y ambiente moderno.<\/span><\/p>\n<p><span style=\"font-weight: 400;\">Los apartamentos se encuentran en el tranquilo pueblo de Penl\u00e9s, a tan solo 4,5 km de Cangas del Narcea y 15 km de la Reserva Natural Integral de Muniellos. Alejados de la carretera, para disfrutar de la estancia alejados del ruido.<\/span><\/p>\n<p><span style=\"font-weight: 400;\">La privilegiada ubicaci\u00f3n del pueblo y las buenas comunicaciones del entorno hacen de Cam\u00edn de Muniellos el punto de partida ideal para excursiones de senderismo, o hacer turismo por la comarca de Fuentes del Narcea.<\/span><\/p>\n<h3><\/h3>\n<h2><b>Disfruta del turismo de naturaleza y ecoturismo con Bosque Activo<\/b><\/h2>\n<p><img loading=\"lazy\" decoding=\"async\" class=\"\" src=\"https:\/\/www.soyecoturista.com\/wp-content\/uploads\/2022\/06\/IMG_20220207_213844_400-1038x742.jpg\" width=\"438\" height=\"313\" \/><\/p>\n<p>&nbsp;<\/p>\n<p><a href=\"https:\/\/www.soyecoturista.com\/asociacion\/la-guarida-del-cunqueiru\/\"><span style=\"font-weight: 400;\">Bosque Activo<\/span><\/a><span style=\"font-weight: 400;\"> es una empresa situada en Cangas del Narcea descubrir de su mano el Parque Natural de las Fuentes del Narcea, Dega\u00f1a e Ibias har\u00e1 que tu visita sea inolvidable. Conocer\u00e1s las maravillas de esta tierra, te transmitir\u00e1n la cultura que les hace \u00fanicos, su fauna, en especial el oso pardo, las artesan\u00edas y tradiciones como el Taller de Alfarer\u00eda Negra de Llamas del Mouro.<\/span><\/p>\n<p><span style=\"font-weight: 400;\">Algo que hace muy especial sus actividades es la posibilidad de acompa\u00f1arlas de un picnic elaborado a base de productos locales y sin gluten.<\/span><\/p>\n<p><span style=\"font-weight: 400;\">Ofrecen actividades de avistamiento de fauna (oso pardo y berrea del ciervo), rutas en 4\u00d74, visitas guiadas al patrimonio cultural y etnogr\u00e1fico (bodegas, villas, artesan\u00eda, yeguadas), rutas de senderismo interpretativas, y la actividad D\u00eda de Anta\u00f1o, para vivir y conocer la manera tradicional de vida de las gentes en esta zona<\/span><\/p>\n<h3><\/h3>\n<h2><b>Conecta con la cultura cunqueira y rural gracias a la tienda taller de Artesan\u00eda La Guarida del Cunqueiru<\/b><\/h2>\n<p><img loading=\"lazy\" decoding=\"async\" class=\"\" src=\"https:\/\/www.soyecoturista.com\/wp-content\/uploads\/2022\/06\/WhatsApp-Image-2022-06-13-at-6.51.05-PM-1-1038x417.jpeg\" width=\"426\" height=\"171\" \/><\/p>\n<p>&nbsp;<\/p>\n<p><span style=\"font-weight: 400;\">Este aut\u00e9ntico refugio de la cultura cunqueirase encuentra situado en la peque\u00f1a aldea asturiana de Trabau, un lugar que pretende ser un encuentro con la cultura cunqueira y rural caracter\u00edsticas del Parque Natural de Fuentes del Narcea, Dega\u00f1a e Ibias. En <\/span><a href=\"https:\/\/www.soyecoturista.com\/asociacion\/la-guarida-del-cunqueiru\/\"><span style=\"font-weight: 400;\">La Guarida del Cunqueiru<\/span><\/a><span style=\"font-weight: 400;\"> te esperan Rosa y V\u00edctor, fundadores del proyecto, junto con un gran grupo de personas que creen y apoyan las iniciativas que se llevan a cabo, desde familiares hasta todos sus clientes y amigos.<\/span><\/p>\n<p><span style=\"font-weight: 400;\">Su objetivo es dignificar y dar a conocer un oficio tradicional que ya estaba casi perdido como es el de \u00abcunqueiru\u00bb o \u00abtixileiru\u00bb, utilizando el ecoturismo como herramienta de difusi\u00f3n y eje motriz con el que contribuir al mantenimiento de la identidad rural y el sector primario de manera directa.<\/span><\/p>\n<h2><\/h2>\n<h3><\/h3>\n","protected":false},"excerpt":{"rendered":"<p>El para\u00edso te espera en el Norte. Hablamos del Parque Natural Fuentes del Narcea, Dega\u00f1a e Ibias. Este enclave alberga un patrimonio natural y etnogr\u00e1fico de alt\u00edsimo inter\u00e9s. Desde el [&hellip;]<\/p>\n","protected":false},"author":2,"featured_media":39193,"comment_status":"open","ping_status":"closed","sticky":false,"template":"","format":"standard","meta":{"_acf_changed":false,"footnotes":""},"categories":[3],"tags":[39,9,11,30,106],"class_list":["post-20153","post","type-post","status-publish","format-standard","has-post-thumbnail","hentry","category-blog","tag-soyecoturista","tag-club-ecoturismo","tag-ecoturismo","tag-observatorio-de-ecoturismo","tag-turismo-sostenible"],"acf":[],"_links":{"self":[{"href":"https:\/\/www.soyecoturista.com\/asociacion\/wp-json\/wp\/v2\/posts\/20153","targetHints":{"allow":["GET"]}}],"collection":[{"href":"https:\/\/www.soyecoturista.com\/asociacion\/wp-json\/wp\/v2\/posts"}],"about":[{"href":"https:\/\/www.soyecoturista.com\/asociacion\/wp-json\/wp\/v2\/types\/post"}],"author":[{"embeddable":true,"href":"https:\/\/www.soyecoturista.com\/asociacion\/wp-json\/wp\/v2\/users\/2"}],"replies":[{"embeddable":true,"href":"https:\/\/www.soyecoturista.com\/asociacion\/wp-json\/wp\/v2\/comments?post=20153"}],"version-history":[{"count":0,"href":"https:\/\/www.soyecoturista.com\/asociacion\/wp-json\/wp\/v2\/posts\/20153\/revisions"}],"wp:featuredmedia":[{"embeddable":true,"href":"https:\/\/www.soyecoturista.com\/asociacion\/wp-json\/wp\/v2\/media\/39193"}],"wp:attachment":[{"href":"https:\/\/www.soyecoturista.com\/asociacion\/wp-json\/wp\/v2\/media?parent=20153"}],"wp:term":[{"taxonomy":"category","embeddable":true,"href":"https:\/\/www.soyecoturista.com\/asociacion\/wp-json\/wp\/v2\/categories?post=20153"},{"taxonomy":"post_tag","embeddable":true,"href":"https:\/\/www.soyecoturista.com\/asociacion\/wp-json\/wp\/v2\/tags?post=20153"}],"curies":[{"name":"wp","href":"https:\/\/api.w.org\/{rel}","templated":true}]}}